{"id":1300,"date":"2016-01-27T10:08:14","date_gmt":"2016-01-27T10:08:14","guid":{"rendered":"http:\/\/spriv.vojvodina.gov.rs\/2016\/01\/27\/pokrajinska-vlada-i-opstina-indija-udruzenim-sredstvima-znacajno-unapreduju-polozaj-romske-zajednice\/"},"modified":"2016-01-27T10:08:14","modified_gmt":"2016-01-27T10:08:14","slug":"pokrajinska-vlada-i-opstina-indija-udruzenim-sredstvima-znacajno-unapreduju-polozaj-romske-zajednice","status":"publish","type":"post","link":"https:\/\/spriv.vojvodina.gov.rs\/rs\/pokrajinska-vlada-i-opstina-indija-udruzenim-sredstvima-znacajno-unapreduju-polozaj-romske-zajednice\/","title":{"rendered":"Pokrajinska vlada i Op\u0161tina In\u0111ija udru\u017eenim sredstvima zna\u010dajno unapre\u0111uju polo\u017eaj romske zajednice"},"content":{"rendered":"<p><img loading=\"lazy\" decoding=\"async\" class=\" size-full wp-image-1293\" src=\"http:\/\/spriv.vojvodina.gov.rs\/wp-content\/uploads\/2016\/01\/27012016_in_3.JPG\" border=\"0\" alt=\"\" style=\"display: block; margin-left: auto; margin-right: auto;\" width=\"580\" height=\"387\" srcset=\"https:\/\/spriv.vojvodina.gov.rs\/wp-content\/uploads\/2016\/01\/27012016_in_3.JPG 580w, https:\/\/spriv.vojvodina.gov.rs\/wp-content\/uploads\/2016\/01\/27012016_in_3-300x200.jpg 300w\" sizes=\"auto, (max-width: 580px) 100vw, 580px\" \/><\/p>\n<p style=\"text-align: justify;\">Potpredsednik Pokrajinske vlade i pokrajinski sekretar za privredu, zapo\u0161ljavanje i ravnopravnost polova, Miroslav Vasin, potpisao je ugovore po Konkursu za dodelu bespovratnih sredstava gradovima i op\u0161tinama sa teritorije APV za sufinansiranje realizacije lokalnih akcionih planova za unapre\u0111enje polo\u017eaja Roma u oblasti stanovanja, sa predsednikom Op\u0161tine In\u0111ija Petrom Filipovi\u0107em. Pokrajinski sekretarijat za privredu je za ovu namenu dodelio Op\u0161tini In\u0111ija sredstva u iznosu od 1,4 miliona dinara, dok je isti iznos izdvojila i Op\u0161tina, \u010dime \u0107e biti izvr\u0161ena sanacija 15 doma\u0107instava.<\/p>\n<p style=\"text-align: justify;\">Potpisivanju su prisustvovali pomo\u0107nica pokrajinskog sekretara za oblast unapre\u0111enja polo\u017eaja Roma Slavica Deni\u0107 i Ninoslav Jovanovi\u0107, koordinator za romska pitanja Op\u0161tine In\u0111ija.<\/p>\n<p style=\"text-align: center;\"><img loading=\"lazy\" decoding=\"async\" class=\" size-full wp-image-1294\" src=\"http:\/\/spriv.vojvodina.gov.rs\/wp-content\/uploads\/2016\/01\/27012016_in_11.JPG\" border=\"0\" alt=\"\" width=\"580\" height=\"387\" srcset=\"https:\/\/spriv.vojvodina.gov.rs\/wp-content\/uploads\/2016\/01\/27012016_in_11.JPG 580w, https:\/\/spriv.vojvodina.gov.rs\/wp-content\/uploads\/2016\/01\/27012016_in_11-300x200.jpg 300w\" sizes=\"auto, (max-width: 580px) 100vw, 580px\" \/><\/p>\n<p style=\"text-align: justify;\">Pokrajinski sekretarijat za privredu, zapo\u0161ljavanje i ravnopravnost polova, je pro\u0161le godine raspisao Konkurs za dodelu bespovratnih sredstava gradovima i op\u0161tinama sa teritorije ap vojvodine za sufinansiranje realizacije lokalnih akcionih planova za unapre\u0111enje polo\u017eaja roma u oblasti stanovanja, pri \u010demu je dodelio 3 miliona dinara kao podr\u0161ku programu realizacije lokalnih akcionih planova za Rome u oblasti stanovanja na teritoriji AP Vojvodine.<\/p>\n<p style=\"text-align: justify;\">Ciljevi finansiranja su se zasnivali na primeni Strategije za unapre\u0111enje polo\u017eaja Roma i Romkinja na teritoriji AP Vojvodine, sa ciljem njihove integracije u dru\u0161tvene tokove, a \u0161to bi, uz realizaciju lokalnih akcionih planova, znatno pobolj\u0161alo uslove stanovanja ove nacionalne zajednice.<\/p>\n<p style=\"text-align: center;\"><img loading=\"lazy\" decoding=\"async\" class=\" size-full wp-image-1295\" src=\"http:\/\/spriv.vojvodina.gov.rs\/wp-content\/uploads\/2016\/01\/27012016_in_8.JPG\" border=\"0\" alt=\"\" width=\"580\" height=\"387\" srcset=\"https:\/\/spriv.vojvodina.gov.rs\/wp-content\/uploads\/2016\/01\/27012016_in_8.JPG 580w, https:\/\/spriv.vojvodina.gov.rs\/wp-content\/uploads\/2016\/01\/27012016_in_8-300x200.jpg 300w\" sizes=\"auto, (max-width: 580px) 100vw, 580px\" \/><\/p>\n<p style=\"text-align: justify;\">\u010cinjenicu da je va\u017eno obratiti pa\u017enju na Rome, kako u Vojvodini, tako i \u010ditavoj zemlji, te da je neophodno stalno pobolj\u0161anje njihovog polo\u017eaja u dru\u0161tvu, istakao je potpredsednik Pokrajinske vlade i pokrajinski sekretar Miroslav Vasin. ,,Romi su najugro\u017eenija nacionalna zajednica, ne samo u Vojvodini, ve\u0107 u celoj Evropi, me\u0111utim, Vojvodina kao region se smatra za region sa najkvalitetnijim programom pomo\u0107i romskoj nacionalnoj zajednici. Program, koji je predstavljen u pojedinim evropskim regijama zasnovan je na re\u0161avanju tri klju\u010dna problema \u2013 obrazovanje, zapo\u0161ljavanje i stanovanje. Pokrajinska vlada je upravo lokalnim samoupravama u Vojvodini pomagala u okviru pomenuta tri segmenta, a dana\u0161nji susret u In\u0111iji je posve\u0107en pru\u017eanju pomo\u0107i op\u0161tini u pogledu stanovanja Roma. Sredstvima udru\u017eenim sa Op\u0161tinom In\u0111ija, ta\u010dnije sa ukupno 2,8 miliona dinara, poma\u017eemo da se saniraju postoje\u0107i objekti i zadovolje stambene potrebe Roma koji \u017eive na teritoriji ove Op\u0161tine. Naredne nedelje predstoji potpisivanje sli\u010dnih ugovora i sa op\u0161tinama Od\u017eaci i Kovin\u201c, rekao je Vasin, dodav\u0161i da je Sekretarijat protekle godine u In\u0111iji finansirao \u0161est meseci zarade za koordinatora za romska pitanja, a obezbe\u0111ena su i sredstva za nabavku ud\u017ebenika i \u0161kolskog pribora za romske \u0111ake.<\/p>\n<p style=\"text-align: justify;\">Predsednik Op\u0161tine Petar Filipovi\u0107 istakao je va\u017enost ovog i sli\u010dnih podsticajnih projekata, posebno za pripadnike romske nacionalne zajednice, jer su oni najugro\u017eeniji u materijalnom smislu, posebno u pogledu uslova \u017eivota. ,,Pored navedenih sredstava, preko 5 miliona dinara je obnezbe\u0111eno u okviru op\u0161tinskog bud\u017eeta za pitanje unapre\u0111enja polo\u017eaja roma u Op\u0161tini, kao i za re\u0161avanje strate\u0161kih pitanja njihove nacionalne zajednice. Pored ove, Op\u0161tina In\u0111ija poma\u017ee i druge ugro\u017eene nacionalne zajednice na njenoj teritoriji\u201c, rekao je Filipovi\u0107.<\/p>\n<p style=\"text-align: center;\"><img loading=\"lazy\" decoding=\"async\" class=\" size-full wp-image-1296\" src=\"http:\/\/spriv.vojvodina.gov.rs\/wp-content\/uploads\/2016\/01\/27012016_in_13.JPG\" border=\"0\" alt=\"\" width=\"580\" height=\"387\" srcset=\"https:\/\/spriv.vojvodina.gov.rs\/wp-content\/uploads\/2016\/01\/27012016_in_13.JPG 580w, https:\/\/spriv.vojvodina.gov.rs\/wp-content\/uploads\/2016\/01\/27012016_in_13-300x200.jpg 300w\" sizes=\"auto, (max-width: 580px) 100vw, 580px\" \/><\/p>\n<p style=\"text-align: justify;\">Ninoslav Jovanovi\u0107 je posebno naglasio da \u0107e sredstva biti usmerena na nabavku gra\u0111evinskog materijala, a sve mere i sredstva \u0107e sti\u0107i do korisnika pomo\u0107i. ,,Definisan je broj porodica koje \u0107e biti dobitnici pomo\u0107i, a sve ostale porodice se mogu prijaviti. Pored broja \u010dlanova porodice, klju\u010dni kriterijum za odabir korisnika pomo\u0107i \u0107e biti uslovi stanovanja, jer je primarni cilj, obnova, ta\u010dnije sanacija postoje\u0107eg stamsbenog objekta u kome porodica \u017eivi. Bi\u0107e ispo\u0161tovani upravo oni kojima je pomo\u0107 najpotrebnija. Pored ovog prvog koraka, planirano je obezbe\u0111ivanje sredstava za obnovu jo\u0161 najmanje 15 ku\u0107a\u201c, rekao je Jovanovi\u0107, i dodao da je po\u010detak radova predvi\u0111en za oko mesec dana.<\/p>\n<p style=\"text-align: center;\"><img loading=\"lazy\" decoding=\"async\" class=\" size-full wp-image-1297\" src=\"http:\/\/spriv.vojvodina.gov.rs\/wp-content\/uploads\/2016\/01\/27012016_in_12.JPG\" border=\"0\" alt=\"\" width=\"580\" height=\"387\" srcset=\"https:\/\/spriv.vojvodina.gov.rs\/wp-content\/uploads\/2016\/01\/27012016_in_12.JPG 580w, https:\/\/spriv.vojvodina.gov.rs\/wp-content\/uploads\/2016\/01\/27012016_in_12-300x200.jpg 300w\" sizes=\"auto, (max-width: 580px) 100vw, 580px\" \/><\/p>\n<p style=\"text-align: center;\"><img loading=\"lazy\" decoding=\"async\" class=\" size-full wp-image-1298\" src=\"http:\/\/spriv.vojvodina.gov.rs\/wp-content\/uploads\/2016\/01\/27012016_in_1.JPG\" border=\"0\" alt=\"\" width=\"580\" height=\"387\" srcset=\"https:\/\/spriv.vojvodina.gov.rs\/wp-content\/uploads\/2016\/01\/27012016_in_1.JPG 580w, https:\/\/spriv.vojvodina.gov.rs\/wp-content\/uploads\/2016\/01\/27012016_in_1-300x200.jpg 300w\" sizes=\"auto, (max-width: 580px) 100vw, 580px\" \/><\/p>\n","protected":false},"excerpt":{"rendered":"In\u0111ija, 27. januar 2016. &#8211; Potpredsednik Pokrajinske vlade i pokrajinski sekretar za privredu, zapo\u0161ljavanje i ravnopravnost polova, Miroslav Vasin, potpisao je ugovore po Konkursu za dodelu bespovratnih sredstava gradovima i op\u0161tinama sa teritorije APV za sufinansiranje realizacije lokalnih akcionih planova za unapre\u0111enje polo\u017eaja Roma u oblasti stanovanja, sa predsednikom Op\u0161tine In\u0111ija Petrom Filipovi\u0107em. Pokrajinski sekretarijat za privredu je za ovu namenu dodelio Op\u0161tini In\u0111ija sredstva u iznosu od 1,4 miliona dinara, dok je isti iznos izdvojila i Op\u0161tina, \u010dime \u0107e biti izvr\u0161ena sanacija 15 doma\u0107instava.\n<a class=\"moretag\" href=\"https:\/\/spriv.vojvodina.gov.rs\/rs\/pokrajinska-vlada-i-opstina-indija-udruzenim-sredstvima-znacajno-unapreduju-polozaj-romske-zajednice\/\"> [...]<\/a>","protected":false},"author":3,"featured_media":1292,"comment_status":"closed","ping_status":"closed","sticky":false,"template":"","format":"standard","meta":{"footnotes":""},"categories":[31],"tags":[],"class_list":["post-1300","post","type-post","status-publish","format-standard","has-post-thumbnail","hentry","category-vesti-latinica1"],"yoast_head":"<!-- This site is optimized with the Yoast SEO plugin v27.4 - https:\/\/yoast.com\/product\/yoast-seo-wordpress\/ -->\n<title>Pokrajinska vlada i Op\u0161tina In\u0111ija udru\u017eenim sredstvima zna\u010dajno unapre\u0111uju polo\u017eaj romske zajednice - \u041f\u043e\u043a\u0440\u0430\u0458\u0438\u043d\u0441\u043a\u0438 \u0441\u0435\u043a\u0440\u0435\u0442\u0430\u0440\u0438\u0458\u0430\u0442 \u0437\u0430 \u043f\u0440\u0438\u0432\u0440\u0435\u0434\u0443 \u0438 \u0442\u0443\u0440\u0438\u0437\u0430\u043c<\/title>\n<meta name=\"robots\" content=\"index, follow, max-snippet:-1, max-image-preview:large, max-video-preview:-1\" \/>\n<link rel=\"canonical\" href=\"https:\/\/spriv.vojvodina.gov.rs\/rs\/pokrajinska-vlada-i-opstina-indija-udruzenim-sredstvima-znacajno-unapreduju-polozaj-romske-zajednice\/\" \/>\n<meta property=\"og:locale\" content=\"sr_RS\" \/>\n<meta property=\"og:type\" content=\"article\" \/>\n<meta property=\"og:title\" content=\"Pokrajinska vlada i Op\u0161tina In\u0111ija udru\u017eenim sredstvima zna\u010dajno unapre\u0111uju polo\u017eaj romske zajednice - \u041f\u043e\u043a\u0440\u0430\u0458\u0438\u043d\u0441\u043a\u0438 \u0441\u0435\u043a\u0440\u0435\u0442\u0430\u0440\u0438\u0458\u0430\u0442 \u0437\u0430 \u043f\u0440\u0438\u0432\u0440\u0435\u0434\u0443 \u0438 \u0442\u0443\u0440\u0438\u0437\u0430\u043c\" \/>\n<meta property=\"og:description\" content=\"In\u0111ija, 27. januar 2016. - Potpredsednik Pokrajinske vlade i pokrajinski sekretar za privredu, zapo\u0161ljavanje i ravnopravnost polova, Miroslav Vasin, potpisao je ugovore po Konkursu za dodelu bespovratnih sredstava gradovima i op\u0161tinama sa teritorije APV za sufinansiranje realizacije lokalnih akcionih planova za unapre\u0111enje polo\u017eaja Roma u oblasti stanovanja, sa predsednikom Op\u0161tine In\u0111ija Petrom Filipovi\u0107em. Pokrajinski sekretarijat za privredu je za ovu namenu dodelio Op\u0161tini In\u0111ija sredstva u iznosu od 1,4 miliona dinara, dok je isti iznos izdvojila i Op\u0161tina, \u010dime \u0107e biti izvr\u0161ena sanacija 15 doma\u0107instava.\" \/>\n<meta property=\"og:url\" content=\"https:\/\/spriv.vojvodina.gov.rs\/pokrajinska-vlada-i-opstina-indija-udruzenim-sredstvima-znacajno-unapreduju-polozaj-romske-zajednice\/\" \/>\n<meta property=\"og:site_name\" content=\"\u041f\u043e\u043a\u0440\u0430\u0458\u0438\u043d\u0441\u043a\u0438 \u0441\u0435\u043a\u0440\u0435\u0442\u0430\u0440\u0438\u0458\u0430\u0442 \u0437\u0430 \u043f\u0440\u0438\u0432\u0440\u0435\u0434\u0443 \u0438 \u0442\u0443\u0440\u0438\u0437\u0430\u043c\" \/>\n<meta property=\"article:published_time\" content=\"2016-01-27T10:08:14+00:00\" \/>\n<meta property=\"og:image\" content=\"https:\/\/spriv.vojvodina.gov.rs\/wp-content\/uploads\/2016\/01\/27012016_in_mala.JPG\" \/>\n\t<meta property=\"og:image:width\" content=\"120\" \/>\n\t<meta property=\"og:image:height\" content=\"80\" \/>\n\t<meta property=\"og:image:type\" content=\"image\/jpeg\" \/>\n<meta name=\"author\" content=\"Sonja Babi\u0107\" \/>\n<meta name=\"twitter:card\" content=\"summary_large_image\" \/>\n<meta name=\"twitter:label1\" content=\"\u041d\u0430\u043f\u0438\u0441\u0430\u043d\u043e \u043e\u0434\" \/>\n\t<meta name=\"twitter:data1\" content=\"Sonja Babi\u0107\" \/>\n\t<meta name=\"twitter:label2\" content=\"\u041f\u0440\u043e\u0446\u0435\u045a\u0435\u043d\u043e \u0432\u0440\u0435\u043c\u0435 \u0447\u0438\u0442\u0430\u045a\u0430\" \/>\n\t<meta name=\"twitter:data2\" content=\"3 \u043c\u0438\u043d\u0443\u0442\u0430\" \/>\n<script type=\"application\/ld+json\" class=\"yoast-schema-graph\">{\"@context\":\"https:\\\/\\\/schema.org\",\"@graph\":[{\"@type\":\"Article\",\"@id\":\"https:\\\/\\\/spriv.vojvodina.gov.rs\\\/pokrajinska-vlada-i-opstina-indija-udruzenim-sredstvima-znacajno-unapreduju-polozaj-romske-zajednice\\\/#article\",\"isPartOf\":{\"@id\":\"https:\\\/\\\/spriv.vojvodina.gov.rs\\\/pokrajinska-vlada-i-opstina-indija-udruzenim-sredstvima-znacajno-unapreduju-polozaj-romske-zajednice\\\/\"},\"author\":{\"name\":\"Sonja Babi\u0107\",\"@id\":\"https:\\\/\\\/spriv.vojvodina.gov.rs\\\/#\\\/schema\\\/person\\\/749ef4f57fbb458f1c759e7a4fa78485\"},\"headline\":\"Pokrajinska vlada i Op\u0161tina In\u0111ija udru\u017eenim sredstvima zna\u010dajno unapre\u0111uju polo\u017eaj romske zajednice\",\"datePublished\":\"2016-01-27T10:08:14+00:00\",\"mainEntityOfPage\":{\"@id\":\"https:\\\/\\\/spriv.vojvodina.gov.rs\\\/pokrajinska-vlada-i-opstina-indija-udruzenim-sredstvima-znacajno-unapreduju-polozaj-romske-zajednice\\\/\"},\"wordCount\":665,\"image\":{\"@id\":\"https:\\\/\\\/spriv.vojvodina.gov.rs\\\/pokrajinska-vlada-i-opstina-indija-udruzenim-sredstvima-znacajno-unapreduju-polozaj-romske-zajednice\\\/#primaryimage\"},\"thumbnailUrl\":\"https:\\\/\\\/spriv.vojvodina.gov.rs\\\/wp-content\\\/uploads\\\/2016\\\/01\\\/27012016_in_mala.JPG\",\"articleSection\":[\"Vesti Latinica\"],\"inLanguage\":\"sr-RS\"},{\"@type\":\"WebPage\",\"@id\":\"https:\\\/\\\/spriv.vojvodina.gov.rs\\\/pokrajinska-vlada-i-opstina-indija-udruzenim-sredstvima-znacajno-unapreduju-polozaj-romske-zajednice\\\/\",\"url\":\"https:\\\/\\\/spriv.vojvodina.gov.rs\\\/pokrajinska-vlada-i-opstina-indija-udruzenim-sredstvima-znacajno-unapreduju-polozaj-romske-zajednice\\\/\",\"name\":\"Pokrajinska vlada i Op\u0161tina In\u0111ija udru\u017eenim sredstvima zna\u010dajno unapre\u0111uju polo\u017eaj romske zajednice - \u041f\u043e\u043a\u0440\u0430\u0458\u0438\u043d\u0441\u043a\u0438 \u0441\u0435\u043a\u0440\u0435\u0442\u0430\u0440\u0438\u0458\u0430\u0442 \u0437\u0430 \u043f\u0440\u0438\u0432\u0440\u0435\u0434\u0443 \u0438 \u0442\u0443\u0440\u0438\u0437\u0430\u043c\",\"isPartOf\":{\"@id\":\"https:\\\/\\\/spriv.vojvodina.gov.rs\\\/#website\"},\"primaryImageOfPage\":{\"@id\":\"https:\\\/\\\/spriv.vojvodina.gov.rs\\\/pokrajinska-vlada-i-opstina-indija-udruzenim-sredstvima-znacajno-unapreduju-polozaj-romske-zajednice\\\/#primaryimage\"},\"image\":{\"@id\":\"https:\\\/\\\/spriv.vojvodina.gov.rs\\\/pokrajinska-vlada-i-opstina-indija-udruzenim-sredstvima-znacajno-unapreduju-polozaj-romske-zajednice\\\/#primaryimage\"},\"thumbnailUrl\":\"https:\\\/\\\/spriv.vojvodina.gov.rs\\\/wp-content\\\/uploads\\\/2016\\\/01\\\/27012016_in_mala.JPG\",\"datePublished\":\"2016-01-27T10:08:14+00:00\",\"author\":{\"@id\":\"https:\\\/\\\/spriv.vojvodina.gov.rs\\\/#\\\/schema\\\/person\\\/749ef4f57fbb458f1c759e7a4fa78485\"},\"breadcrumb\":{\"@id\":\"https:\\\/\\\/spriv.vojvodina.gov.rs\\\/pokrajinska-vlada-i-opstina-indija-udruzenim-sredstvima-znacajno-unapreduju-polozaj-romske-zajednice\\\/#breadcrumb\"},\"inLanguage\":\"sr-RS\",\"potentialAction\":[{\"@type\":\"ReadAction\",\"target\":[\"https:\\\/\\\/spriv.vojvodina.gov.rs\\\/pokrajinska-vlada-i-opstina-indija-udruzenim-sredstvima-znacajno-unapreduju-polozaj-romske-zajednice\\\/\"]}]},{\"@type\":\"ImageObject\",\"inLanguage\":\"sr-RS\",\"@id\":\"https:\\\/\\\/spriv.vojvodina.gov.rs\\\/pokrajinska-vlada-i-opstina-indija-udruzenim-sredstvima-znacajno-unapreduju-polozaj-romske-zajednice\\\/#primaryimage\",\"url\":\"https:\\\/\\\/spriv.vojvodina.gov.rs\\\/wp-content\\\/uploads\\\/2016\\\/01\\\/27012016_in_mala.JPG\",\"contentUrl\":\"https:\\\/\\\/spriv.vojvodina.gov.rs\\\/wp-content\\\/uploads\\\/2016\\\/01\\\/27012016_in_mala.JPG\",\"width\":120,\"height\":80},{\"@type\":\"BreadcrumbList\",\"@id\":\"https:\\\/\\\/spriv.vojvodina.gov.rs\\\/pokrajinska-vlada-i-opstina-indija-udruzenim-sredstvima-znacajno-unapreduju-polozaj-romske-zajednice\\\/#breadcrumb\",\"itemListElement\":[{\"@type\":\"ListItem\",\"position\":1,\"name\":\"Home\",\"item\":\"https:\\\/\\\/spriv.vojvodina.gov.rs\\\/\"},{\"@type\":\"ListItem\",\"position\":2,\"name\":\"Pokrajinska vlada i Op\u0161tina In\u0111ija udru\u017eenim sredstvima zna\u010dajno unapre\u0111uju polo\u017eaj romske zajednice\"}]},{\"@type\":\"WebSite\",\"@id\":\"https:\\\/\\\/spriv.vojvodina.gov.rs\\\/#website\",\"url\":\"https:\\\/\\\/spriv.vojvodina.gov.rs\\\/\",\"name\":\"\u041f\u043e\u043a\u0440\u0430\u0458\u0438\u043d\u0441\u043a\u0438 \u0441\u0435\u043a\u0440\u0435\u0442\u0430\u0440\u0438\u0458\u0430\u0442 \u0437\u0430 \u043f\u0440\u0438\u0432\u0440\u0435\u0434\u0443 \u0438 \u0442\u0443\u0440\u0438\u0437\u0430\u043c\",\"description\":\"\u041f\u043e\u043a\u0440\u0430\u0458\u0438\u043d\u0441\u043a\u0438 \u0441\u0435\u043a\u0440\u0435\u0442\u0430\u0440\u0438\u0458\u0430\u0442 \u0437\u0430 \u043f\u0440\u0438\u0432\u0440\u0435\u0434\u0443 \u0438 \u0442\u0443\u0440\u0438\u0437\u0430\u043c\",\"potentialAction\":[{\"@type\":\"SearchAction\",\"target\":{\"@type\":\"EntryPoint\",\"urlTemplate\":\"https:\\\/\\\/spriv.vojvodina.gov.rs\\\/?s={search_term_string}\"},\"query-input\":{\"@type\":\"PropertyValueSpecification\",\"valueRequired\":true,\"valueName\":\"search_term_string\"}}],\"inLanguage\":\"sr-RS\"},{\"@type\":\"Person\",\"@id\":\"https:\\\/\\\/spriv.vojvodina.gov.rs\\\/#\\\/schema\\\/person\\\/749ef4f57fbb458f1c759e7a4fa78485\",\"name\":\"Sonja Babi\u0107\",\"image\":{\"@type\":\"ImageObject\",\"inLanguage\":\"sr-RS\",\"@id\":\"https:\\\/\\\/secure.gravatar.com\\\/avatar\\\/00a1d182a20a59067af1e7b1c31cbcc3be1a456ee4b27746580e120c2582e5bd?s=96&d=mm&r=g\",\"url\":\"https:\\\/\\\/secure.gravatar.com\\\/avatar\\\/00a1d182a20a59067af1e7b1c31cbcc3be1a456ee4b27746580e120c2582e5bd?s=96&d=mm&r=g\",\"contentUrl\":\"https:\\\/\\\/secure.gravatar.com\\\/avatar\\\/00a1d182a20a59067af1e7b1c31cbcc3be1a456ee4b27746580e120c2582e5bd?s=96&d=mm&r=g\",\"caption\":\"Sonja Babi\u0107\"},\"url\":\"https:\\\/\\\/spriv.vojvodina.gov.rs\\\/rs\\\/author\\\/sonja-babic\\\/\"}]}<\/script>\n<!-- \/ Yoast SEO plugin. -->","yoast_head_json":{"title":"Pokrajinska vlada i Op\u0161tina In\u0111ija udru\u017eenim sredstvima zna\u010dajno unapre\u0111uju polo\u017eaj romske zajednice - \u041f\u043e\u043a\u0440\u0430\u0458\u0438\u043d\u0441\u043a\u0438 \u0441\u0435\u043a\u0440\u0435\u0442\u0430\u0440\u0438\u0458\u0430\u0442 \u0437\u0430 \u043f\u0440\u0438\u0432\u0440\u0435\u0434\u0443 \u0438 \u0442\u0443\u0440\u0438\u0437\u0430\u043c","robots":{"index":"index","follow":"follow","max-snippet":"max-snippet:-1","max-image-preview":"max-image-preview:large","max-video-preview":"max-video-preview:-1"},"canonical":"https:\/\/spriv.vojvodina.gov.rs\/rs\/pokrajinska-vlada-i-opstina-indija-udruzenim-sredstvima-znacajno-unapreduju-polozaj-romske-zajednice\/","og_locale":"sr_RS","og_type":"article","og_title":"Pokrajinska vlada i Op\u0161tina In\u0111ija udru\u017eenim sredstvima zna\u010dajno unapre\u0111uju polo\u017eaj romske zajednice - \u041f\u043e\u043a\u0440\u0430\u0458\u0438\u043d\u0441\u043a\u0438 \u0441\u0435\u043a\u0440\u0435\u0442\u0430\u0440\u0438\u0458\u0430\u0442 \u0437\u0430 \u043f\u0440\u0438\u0432\u0440\u0435\u0434\u0443 \u0438 \u0442\u0443\u0440\u0438\u0437\u0430\u043c","og_description":"In\u0111ija, 27. januar 2016. - Potpredsednik Pokrajinske vlade i pokrajinski sekretar za privredu, zapo\u0161ljavanje i ravnopravnost polova, Miroslav Vasin, potpisao je ugovore po Konkursu za dodelu bespovratnih sredstava gradovima i op\u0161tinama sa teritorije APV za sufinansiranje realizacije lokalnih akcionih planova za unapre\u0111enje polo\u017eaja Roma u oblasti stanovanja, sa predsednikom Op\u0161tine In\u0111ija Petrom Filipovi\u0107em. Pokrajinski sekretarijat za privredu je za ovu namenu dodelio Op\u0161tini In\u0111ija sredstva u iznosu od 1,4 miliona dinara, dok je isti iznos izdvojila i Op\u0161tina, \u010dime \u0107e biti izvr\u0161ena sanacija 15 doma\u0107instava.","og_url":"https:\/\/spriv.vojvodina.gov.rs\/pokrajinska-vlada-i-opstina-indija-udruzenim-sredstvima-znacajno-unapreduju-polozaj-romske-zajednice\/","og_site_name":"\u041f\u043e\u043a\u0440\u0430\u0458\u0438\u043d\u0441\u043a\u0438 \u0441\u0435\u043a\u0440\u0435\u0442\u0430\u0440\u0438\u0458\u0430\u0442 \u0437\u0430 \u043f\u0440\u0438\u0432\u0440\u0435\u0434\u0443 \u0438 \u0442\u0443\u0440\u0438\u0437\u0430\u043c","article_published_time":"2016-01-27T10:08:14+00:00","og_image":[{"width":120,"height":80,"url":"https:\/\/spriv.vojvodina.gov.rs\/wp-content\/uploads\/2016\/01\/27012016_in_mala.JPG","type":"image\/jpeg"}],"author":"Sonja Babi\u0107","twitter_card":"summary_large_image","twitter_misc":{"\u041d\u0430\u043f\u0438\u0441\u0430\u043d\u043e \u043e\u0434":"Sonja Babi\u0107","\u041f\u0440\u043e\u0446\u0435\u045a\u0435\u043d\u043e \u0432\u0440\u0435\u043c\u0435 \u0447\u0438\u0442\u0430\u045a\u0430":"3 \u043c\u0438\u043d\u0443\u0442\u0430"},"schema":{"@context":"https:\/\/schema.org","@graph":[{"@type":"Article","@id":"https:\/\/spriv.vojvodina.gov.rs\/pokrajinska-vlada-i-opstina-indija-udruzenim-sredstvima-znacajno-unapreduju-polozaj-romske-zajednice\/#article","isPartOf":{"@id":"https:\/\/spriv.vojvodina.gov.rs\/pokrajinska-vlada-i-opstina-indija-udruzenim-sredstvima-znacajno-unapreduju-polozaj-romske-zajednice\/"},"author":{"name":"Sonja Babi\u0107","@id":"https:\/\/spriv.vojvodina.gov.rs\/#\/schema\/person\/749ef4f57fbb458f1c759e7a4fa78485"},"headline":"Pokrajinska vlada i Op\u0161tina In\u0111ija udru\u017eenim sredstvima zna\u010dajno unapre\u0111uju polo\u017eaj romske zajednice","datePublished":"2016-01-27T10:08:14+00:00","mainEntityOfPage":{"@id":"https:\/\/spriv.vojvodina.gov.rs\/pokrajinska-vlada-i-opstina-indija-udruzenim-sredstvima-znacajno-unapreduju-polozaj-romske-zajednice\/"},"wordCount":665,"image":{"@id":"https:\/\/spriv.vojvodina.gov.rs\/pokrajinska-vlada-i-opstina-indija-udruzenim-sredstvima-znacajno-unapreduju-polozaj-romske-zajednice\/#primaryimage"},"thumbnailUrl":"https:\/\/spriv.vojvodina.gov.rs\/wp-content\/uploads\/2016\/01\/27012016_in_mala.JPG","articleSection":["Vesti Latinica"],"inLanguage":"sr-RS"},{"@type":"WebPage","@id":"https:\/\/spriv.vojvodina.gov.rs\/pokrajinska-vlada-i-opstina-indija-udruzenim-sredstvima-znacajno-unapreduju-polozaj-romske-zajednice\/","url":"https:\/\/spriv.vojvodina.gov.rs\/pokrajinska-vlada-i-opstina-indija-udruzenim-sredstvima-znacajno-unapreduju-polozaj-romske-zajednice\/","name":"Pokrajinska vlada i Op\u0161tina In\u0111ija udru\u017eenim sredstvima zna\u010dajno unapre\u0111uju polo\u017eaj romske zajednice - \u041f\u043e\u043a\u0440\u0430\u0458\u0438\u043d\u0441\u043a\u0438 \u0441\u0435\u043a\u0440\u0435\u0442\u0430\u0440\u0438\u0458\u0430\u0442 \u0437\u0430 \u043f\u0440\u0438\u0432\u0440\u0435\u0434\u0443 \u0438 \u0442\u0443\u0440\u0438\u0437\u0430\u043c","isPartOf":{"@id":"https:\/\/spriv.vojvodina.gov.rs\/#website"},"primaryImageOfPage":{"@id":"https:\/\/spriv.vojvodina.gov.rs\/pokrajinska-vlada-i-opstina-indija-udruzenim-sredstvima-znacajno-unapreduju-polozaj-romske-zajednice\/#primaryimage"},"image":{"@id":"https:\/\/spriv.vojvodina.gov.rs\/pokrajinska-vlada-i-opstina-indija-udruzenim-sredstvima-znacajno-unapreduju-polozaj-romske-zajednice\/#primaryimage"},"thumbnailUrl":"https:\/\/spriv.vojvodina.gov.rs\/wp-content\/uploads\/2016\/01\/27012016_in_mala.JPG","datePublished":"2016-01-27T10:08:14+00:00","author":{"@id":"https:\/\/spriv.vojvodina.gov.rs\/#\/schema\/person\/749ef4f57fbb458f1c759e7a4fa78485"},"breadcrumb":{"@id":"https:\/\/spriv.vojvodina.gov.rs\/pokrajinska-vlada-i-opstina-indija-udruzenim-sredstvima-znacajno-unapreduju-polozaj-romske-zajednice\/#breadcrumb"},"inLanguage":"sr-RS","potentialAction":[{"@type":"ReadAction","target":["https:\/\/spriv.vojvodina.gov.rs\/pokrajinska-vlada-i-opstina-indija-udruzenim-sredstvima-znacajno-unapreduju-polozaj-romske-zajednice\/"]}]},{"@type":"ImageObject","inLanguage":"sr-RS","@id":"https:\/\/spriv.vojvodina.gov.rs\/pokrajinska-vlada-i-opstina-indija-udruzenim-sredstvima-znacajno-unapreduju-polozaj-romske-zajednice\/#primaryimage","url":"https:\/\/spriv.vojvodina.gov.rs\/wp-content\/uploads\/2016\/01\/27012016_in_mala.JPG","contentUrl":"https:\/\/spriv.vojvodina.gov.rs\/wp-content\/uploads\/2016\/01\/27012016_in_mala.JPG","width":120,"height":80},{"@type":"BreadcrumbList","@id":"https:\/\/spriv.vojvodina.gov.rs\/pokrajinska-vlada-i-opstina-indija-udruzenim-sredstvima-znacajno-unapreduju-polozaj-romske-zajednice\/#breadcrumb","itemListElement":[{"@type":"ListItem","position":1,"name":"Home","item":"https:\/\/spriv.vojvodina.gov.rs\/"},{"@type":"ListItem","position":2,"name":"Pokrajinska vlada i Op\u0161tina In\u0111ija udru\u017eenim sredstvima zna\u010dajno unapre\u0111uju polo\u017eaj romske zajednice"}]},{"@type":"WebSite","@id":"https:\/\/spriv.vojvodina.gov.rs\/#website","url":"https:\/\/spriv.vojvodina.gov.rs\/","name":"\u041f\u043e\u043a\u0440\u0430\u0458\u0438\u043d\u0441\u043a\u0438 \u0441\u0435\u043a\u0440\u0435\u0442\u0430\u0440\u0438\u0458\u0430\u0442 \u0437\u0430 \u043f\u0440\u0438\u0432\u0440\u0435\u0434\u0443 \u0438 \u0442\u0443\u0440\u0438\u0437\u0430\u043c","description":"\u041f\u043e\u043a\u0440\u0430\u0458\u0438\u043d\u0441\u043a\u0438 \u0441\u0435\u043a\u0440\u0435\u0442\u0430\u0440\u0438\u0458\u0430\u0442 \u0437\u0430 \u043f\u0440\u0438\u0432\u0440\u0435\u0434\u0443 \u0438 \u0442\u0443\u0440\u0438\u0437\u0430\u043c","potentialAction":[{"@type":"SearchAction","target":{"@type":"EntryPoint","urlTemplate":"https:\/\/spriv.vojvodina.gov.rs\/?s={search_term_string}"},"query-input":{"@type":"PropertyValueSpecification","valueRequired":true,"valueName":"search_term_string"}}],"inLanguage":"sr-RS"},{"@type":"Person","@id":"https:\/\/spriv.vojvodina.gov.rs\/#\/schema\/person\/749ef4f57fbb458f1c759e7a4fa78485","name":"Sonja Babi\u0107","image":{"@type":"ImageObject","inLanguage":"sr-RS","@id":"https:\/\/secure.gravatar.com\/avatar\/00a1d182a20a59067af1e7b1c31cbcc3be1a456ee4b27746580e120c2582e5bd?s=96&d=mm&r=g","url":"https:\/\/secure.gravatar.com\/avatar\/00a1d182a20a59067af1e7b1c31cbcc3be1a456ee4b27746580e120c2582e5bd?s=96&d=mm&r=g","contentUrl":"https:\/\/secure.gravatar.com\/avatar\/00a1d182a20a59067af1e7b1c31cbcc3be1a456ee4b27746580e120c2582e5bd?s=96&d=mm&r=g","caption":"Sonja Babi\u0107"},"url":"https:\/\/spriv.vojvodina.gov.rs\/rs\/author\/sonja-babic\/"}]}},"_links":{"self":[{"href":"https:\/\/spriv.vojvodina.gov.rs\/rs\/wp-json\/wp\/v2\/posts\/1300","targetHints":{"allow":["GET"]}}],"collection":[{"href":"https:\/\/spriv.vojvodina.gov.rs\/rs\/wp-json\/wp\/v2\/posts"}],"about":[{"href":"https:\/\/spriv.vojvodina.gov.rs\/rs\/wp-json\/wp\/v2\/types\/post"}],"author":[{"embeddable":true,"href":"https:\/\/spriv.vojvodina.gov.rs\/rs\/wp-json\/wp\/v2\/users\/3"}],"replies":[{"embeddable":true,"href":"https:\/\/spriv.vojvodina.gov.rs\/rs\/wp-json\/wp\/v2\/comments?post=1300"}],"version-history":[{"count":0,"href":"https:\/\/spriv.vojvodina.gov.rs\/rs\/wp-json\/wp\/v2\/posts\/1300\/revisions"}],"wp:featuredmedia":[{"embeddable":true,"href":"https:\/\/spriv.vojvodina.gov.rs\/rs\/wp-json\/wp\/v2\/media\/1292"}],"wp:attachment":[{"href":"https:\/\/spriv.vojvodina.gov.rs\/rs\/wp-json\/wp\/v2\/media?parent=1300"}],"wp:term":[{"taxonomy":"category","embeddable":true,"href":"https:\/\/spriv.vojvodina.gov.rs\/rs\/wp-json\/wp\/v2\/categories?post=1300"},{"taxonomy":"post_tag","embeddable":true,"href":"https:\/\/spriv.vojvodina.gov.rs\/rs\/wp-json\/wp\/v2\/tags?post=1300"}],"curies":[{"name":"wp","href":"https:\/\/api.w.org\/{rel}","templated":true}]}}