{"id":1283,"date":"2016-01-15T10:23:57","date_gmt":"2016-01-15T10:23:57","guid":{"rendered":"http:\/\/spriv.vojvodina.gov.rs\/2016\/01\/15\/vojvodina-ce-se-najbolje-pripremiti-za-koriscenje-programa-eu-namenjenih-razvoju-poljoprivredne-proizvodnje\/"},"modified":"2016-01-15T10:23:57","modified_gmt":"2016-01-15T10:23:57","slug":"vojvodina-ce-se-najbolje-pripremiti-za-koriscenje-programa-eu-namenjenih-razvoju-poljoprivredne-proizvodnje","status":"publish","type":"post","link":"https:\/\/spriv.vojvodina.gov.rs\/rs\/vojvodina-ce-se-najbolje-pripremiti-za-koriscenje-programa-eu-namenjenih-razvoju-poljoprivredne-proizvodnje\/","title":{"rendered":"Vojvodina \u0107e se najbolje pripremiti za kori\u0161\u0107enje programa EU namenjenih razvoju poljoprivredne proizvodnje"},"content":{"rendered":"<p style=\"text-align: justify;\"><strong><img loading=\"lazy\" decoding=\"async\" class=\" alignleft size-full wp-image-1277\" src=\"http:\/\/spriv.vojvodina.gov.rs\/wp-content\/uploads\/2016\/01\/15012016_Vasin_vinari_mala.jpg\" border=\"0\" alt=\"\" align=\"left\" width=\"120\" height=\"80\" \/>Novi Sad, 15. januar 2016.<\/strong> &#8211; Potpredsednik Pokrajinske vlade i pokrajinski sekretar za privredu Miroslav Vasin obratio se danas u Ne\u0161tinu predstavnicima lokanih samouprava, turisti\u010dkih organizacija i proizvo\u0111a\u010dima vina iz Vojvodine, koji su u vinariju porodice Kurili\u0107 (\u201eGaston Wine House\u201c), danas do\u0161li da prisustvuju prezentaciji slovena\u010dkih iskustava povodom kori\u0161\u0107enja sredstava iz IPARD programa Evropske unije, u oblasti vinogradarstva i proizvodnje vina.<\/p>\n<p style=\"text-align: justify;\"><img loading=\"lazy\" decoding=\"async\" class=\" size-full wp-image-1278\" src=\"http:\/\/spriv.vojvodina.gov.rs\/wp-content\/uploads\/2016\/01\/15012016_Vasin_vinari4.jpg\" border=\"0\" alt=\"\" style=\"display: block; margin-left: auto; margin-right: auto;\" width=\"580\" height=\"387\" srcset=\"https:\/\/spriv.vojvodina.gov.rs\/wp-content\/uploads\/2016\/01\/15012016_Vasin_vinari4.jpg 580w, https:\/\/spriv.vojvodina.gov.rs\/wp-content\/uploads\/2016\/01\/15012016_Vasin_vinari4-300x200.jpg 300w\" sizes=\"auto, (max-width: 580px) 100vw, 580px\" \/><br \/>Vojvo\u0111anskim vinarima, privrednicima i turisti\u010dkim poslenicima bi\u0107e ponu\u0111en uvid u najbolja iskustva iz prakse, i predstavljen deo procedure za konkurisanje bespovratnih sredstva u okviru IPARDA. Ovakav zadatak obavi\u0107e predstavnici razvojnih institucija iz Slovenije sa kojima Regionalna razvojna agencija Ba\u010dka poslednje dve godine uspe\u0161no razvija projektnu saradnju. Re\u010d je o partnerima iz Slovenije: Razvojnim centrom \u201eSrce Slovenije\u201c iz Litije i Lokalnom akcionom grupom (LAG), koji od ju\u010de borave u poseti na\u0161oj pokrajini, koja je podr\u017eala ovu saradnju.<\/p>\n<p>Uo\u010di po\u010detka dana\u0161nje prezentacije, potpredsednik Pokrajinske vlade Miroslav Vasin je istakao predstavnicima medija da je odr\u017eavanje ovakvih susreta izuzetno zna\u010dajno u sklopu na\u0161ih priprema na putu za ulazak u Evropsku uniju.<\/p>\n<p style=\"text-align: justify;\"><img loading=\"lazy\" decoding=\"async\" class=\" size-full wp-image-1279\" src=\"http:\/\/spriv.vojvodina.gov.rs\/wp-content\/uploads\/2016\/01\/15012016_Vasin_vinari1.jpg\" border=\"0\" alt=\"\" style=\"display: block; margin-left: auto; margin-right: auto;\" width=\"580\" height=\"387\" srcset=\"https:\/\/spriv.vojvodina.gov.rs\/wp-content\/uploads\/2016\/01\/15012016_Vasin_vinari1.jpg 580w, https:\/\/spriv.vojvodina.gov.rs\/wp-content\/uploads\/2016\/01\/15012016_Vasin_vinari1-300x200.jpg 300w\" sizes=\"auto, (max-width: 580px) 100vw, 580px\" \/><br \/>\u201eMoramo jednostavno da se pripremamo da na najbolji mogu\u0107i na\u010din koristimo programe i sredstva, koja su namenjena zemljama koje su na putu da postanu deo Evropske unije. Sigurno je da je IPARD program jedan od najva\u017enijih za poljoprivrednike u Vojvodini, za razvoj turizma i vinarstva, vinogradarstva i svega onoga na \u010demu baziramo razvoj Vojvodine. Sigurno je da \u0107emo morati u\u0107i spremni u procese, koji \u0107e omogu\u0107iti da na\u0161i poljoprivrednici, vinari, turisti\u010dki poslenici i privrednici koriste ova sredstva za unapre\u0111ivanje ruralnog razvoja Vojvodine, turisti\u010dkih i poljoprivrednih potencijala. Mi smo u Vojvodini stvorili sve preduslove da mo\u017eemo biti spremni za po\u010detak kori\u0161\u0107enja ovog programa. Osnovali smo blagovremeno razvojne agencije i Srema i Banata i Ba\u010dke, i na nivou Pokrajine stvorili razvojne potencijale da mo\u017eemo ispratiti sve neophodne aktivnosti. Tako smo kroz destinacijski menad\u017ement, koriste\u0107i iskustva Istre, poku\u0161ali da pove\u017eemo na\u0161e op\u0161tine u Ba\u010dkoj i Sremu u jedan sistem, koji \u0107e imati jedinstvenu turisti\u010dku ponudu. Uklju\u010dili smo se punim kapacitetima u realizaciju Dunavske strategije u oblasti turizma. Zahvaljuju\u0107i subvencijama namenjenim vinogradarima, do\u0161lo je poslednjih godina do zna\u010dajnog unapre\u0111ivanja vinarstva u Vojvodini. Danas imamo veliki broj vinara, koji proizvode vina izuzetnog kvaliteta, koji je dostigao zemlje koje su bile daleko ispred nas. Sada samo ostaje da kroz IPARD i druge programe, ove na\u0161e vinarije u\u010dinimo onoliko atraktivnim za prijem turista i turisti\u010dku ponudu kao \u0161to su to vinarije u Sloveniji, Ma\u0111arskoj i Hrvatskoj. Ovakve radionice su dragocene, jer predstavljaju jednu kariku u tom nizu priprema za kori\u0161\u0107enja programa kao \u0161to je IPARD, ali i svih drugih koji nam budu na raspolaganju kako budemo napredovali na na\u0161em putu ka Evropskoj uniji.\u201c<\/p>\n<p>Pred po\u010detak radionice namenjene proizvo\u0111a\u010dima vina i vinogradarima iz Vojvodine, u okviru projekta Uspostavljanje destinacijske menad\u017ement organizacije na podru\u010dju Fru\u0161ke gore i oko Dunava, koji ima podr\u0161ku Pokrajinske vlade, prisutnima se obratila i direktorka Razvojnog centra \u201eSrce Slovenije\u201c Aleksandra Gradi\u0161ek.Ona je rekla je da je Razvojni centar osnovan pre 15 godina od strane lokalne samouprave, u cilju integracije u evropske programe. I prema njenim re\u010dima bio je to pravi put, jer je do sada ova razvojna institucija realizovala 23 evropska projekta sa partnerima iz evropskih dr\u017eava. Jedan od najzna\u010dajnih aspekata realizacije ovih projekta bio je edukacija kroz koju je pro\u0161lo 13.000 u\u010desnika na temu preduzetni\u0161tva, marketinga i drugih oblasti, gde su ostvarene dobre veze i mogu\u0107nosti za napredovanje u poljoprivredi, kao i drugim privrednim oblastima. Cilj razvojnog centra je da razvija ruralni deo Slovenije kroz turizam, udru\u017eivanje privrednika i podr\u0161ku op\u0161tina. Predstavnici iz Slovenije uvereni su da imamo priliku da sva sredstva iskoristimo, kao \u0161to je to po\u0161lo i njima za rukom.<\/p>\n<p style=\"text-align: center;\"><img loading=\"lazy\" decoding=\"async\" class=\" size-full wp-image-1280\" src=\"http:\/\/spriv.vojvodina.gov.rs\/wp-content\/uploads\/2016\/01\/15012016_Vasin_vinari2.jpg\" border=\"0\" alt=\"\" width=\"580\" height=\"387\" srcset=\"https:\/\/spriv.vojvodina.gov.rs\/wp-content\/uploads\/2016\/01\/15012016_Vasin_vinari2.jpg 580w, https:\/\/spriv.vojvodina.gov.rs\/wp-content\/uploads\/2016\/01\/15012016_Vasin_vinari2-300x200.jpg 300w\" sizes=\"auto, (max-width: 580px) 100vw, 580px\" \/><\/p>\n<p style=\"text-align: justify;\">Direktor Regionalne razvojne agencije Ba\u010dka Sr\u0111an Vezmar je istakao da je va\u017eno uspostaviti saradnju izme\u0111u privrednih i turisti\u010dkih subjekata u Vojvodini i Sloveniji. On je istakao da je uspostavljanje destinacijske menad\u017ement strukture DMC \u201eDunav\u201c na prostoru Vojvodine, \u010diji su predstavnici bili i danas ovde, va\u017ean strate\u0161ki projekat koji podrazumeva povezivanje malih proizvo\u0111a\u010da i turisti\u010dkih ponu\u0111a\u010da, kao i devet op\u0161tina, a za koji je dobijena podr\u0161ka dva pokrajinska sekretarijata.<\/p>\n<p style=\"text-align: center;\"><img loading=\"lazy\" decoding=\"async\" class=\" size-full wp-image-1281\" src=\"http:\/\/spriv.vojvodina.gov.rs\/wp-content\/uploads\/2016\/01\/15012016_Vasin_vinari5.jpg\" border=\"0\" alt=\"\" width=\"580\" height=\"387\" srcset=\"https:\/\/spriv.vojvodina.gov.rs\/wp-content\/uploads\/2016\/01\/15012016_Vasin_vinari5.jpg 580w, https:\/\/spriv.vojvodina.gov.rs\/wp-content\/uploads\/2016\/01\/15012016_Vasin_vinari5-300x200.jpg 300w\" sizes=\"auto, (max-width: 580px) 100vw, 580px\" \/><\/p>\n<p style=\"text-align: justify;\">Vinari iz Slovenije li\u010dno \u0107e predstaviti svoja iskustva sa konkurisanjem za IPARD program, a \u017deljko Savi\u010d, predsednik LAG \u201eSrce Slovenije\u201c, koja je jedna od najuspe\u0161nijih u Sloveniji, upoznao je prisutne sa projektima i ciljevima ove lokalne akcione grupe koja je posebno usmerena na turizam i samoodr\u017eivost.<\/p>\n<p>Prezentaciji u Ne\u0161tinu, prisustvovali su i predstavnici Pokrajinskog sekretarijata za privredu, zapo\u0161ljavanje i ravnopravnost polova, i Pokrajinskog sekretarijata za poljoprivredu, vodoprivredu i \u0161umarstvo.<\/p>\n","protected":false},"excerpt":{"rendered":"Novi Sad, 15. januar 2016. &#8211; Potpredsednik Pokrajinske vlade i pokrajinski sekretar za privredu Miroslav Vasin obratio se danas u Ne\u0161tinu predstavnicima lokanih samouprava, turisti\u010dkih organizacija i proizvo\u0111a\u010dima vina iz Vojvodine, koji su u vinariju porodice Kurili\u0107 (\u201eGaston Wine House\u201c), danas do\u0161li da prisustvuju prezentaciji slovena\u010dkih iskustava povodom kori\u0161\u0107enja sredstava iz IPARD programa Evropske unije, u oblasti vinogradarstva i proizvodnje vina.\n<a class=\"moretag\" href=\"https:\/\/spriv.vojvodina.gov.rs\/rs\/vojvodina-ce-se-najbolje-pripremiti-za-koriscenje-programa-eu-namenjenih-razvoju-poljoprivredne-proizvodnje\/\"> [...]<\/a>","protected":false},"author":3,"featured_media":1277,"comment_status":"closed","ping_status":"closed","sticky":false,"template":"","format":"standard","meta":{"footnotes":""},"categories":[31],"tags":[],"class_list":["post-1283","post","type-post","status-publish","format-standard","has-post-thumbnail","hentry","category-vesti-latinica1"],"yoast_head":"<!-- This site is optimized with the Yoast SEO plugin v27.4 - https:\/\/yoast.com\/product\/yoast-seo-wordpress\/ -->\n<title>Vojvodina \u0107e se najbolje pripremiti za kori\u0161\u0107enje programa EU namenjenih razvoju poljoprivredne proizvodnje - \u041f\u043e\u043a\u0440\u0430\u0458\u0438\u043d\u0441\u043a\u0438 \u0441\u0435\u043a\u0440\u0435\u0442\u0430\u0440\u0438\u0458\u0430\u0442 \u0437\u0430 \u043f\u0440\u0438\u0432\u0440\u0435\u0434\u0443 \u0438 \u0442\u0443\u0440\u0438\u0437\u0430\u043c<\/title>\n<meta name=\"robots\" content=\"index, follow, max-snippet:-1, max-image-preview:large, max-video-preview:-1\" \/>\n<link rel=\"canonical\" href=\"https:\/\/spriv.vojvodina.gov.rs\/rs\/vojvodina-ce-se-najbolje-pripremiti-za-koriscenje-programa-eu-namenjenih-razvoju-poljoprivredne-proizvodnje\/\" \/>\n<meta property=\"og:locale\" content=\"sr_RS\" \/>\n<meta property=\"og:type\" content=\"article\" \/>\n<meta property=\"og:title\" content=\"Vojvodina \u0107e se najbolje pripremiti za kori\u0161\u0107enje programa EU namenjenih razvoju poljoprivredne proizvodnje - \u041f\u043e\u043a\u0440\u0430\u0458\u0438\u043d\u0441\u043a\u0438 \u0441\u0435\u043a\u0440\u0435\u0442\u0430\u0440\u0438\u0458\u0430\u0442 \u0437\u0430 \u043f\u0440\u0438\u0432\u0440\u0435\u0434\u0443 \u0438 \u0442\u0443\u0440\u0438\u0437\u0430\u043c\" \/>\n<meta property=\"og:description\" content=\"Novi Sad, 15. januar 2016. - Potpredsednik Pokrajinske vlade i pokrajinski sekretar za privredu Miroslav Vasin obratio se danas u Ne\u0161tinu predstavnicima lokanih samouprava, turisti\u010dkih organizacija i proizvo\u0111a\u010dima vina iz Vojvodine, koji su u vinariju porodice Kurili\u0107 (\u201eGaston Wine House\u201c), danas do\u0161li da prisustvuju prezentaciji slovena\u010dkih iskustava povodom kori\u0161\u0107enja sredstava iz IPARD programa Evropske unije, u oblasti vinogradarstva i proizvodnje vina.\" \/>\n<meta property=\"og:url\" content=\"https:\/\/spriv.vojvodina.gov.rs\/rs\/vojvodina-ce-se-najbolje-pripremiti-za-koriscenje-programa-eu-namenjenih-razvoju-poljoprivredne-proizvodnje\/\" \/>\n<meta property=\"og:site_name\" content=\"\u041f\u043e\u043a\u0440\u0430\u0458\u0438\u043d\u0441\u043a\u0438 \u0441\u0435\u043a\u0440\u0435\u0442\u0430\u0440\u0438\u0458\u0430\u0442 \u0437\u0430 \u043f\u0440\u0438\u0432\u0440\u0435\u0434\u0443 \u0438 \u0442\u0443\u0440\u0438\u0437\u0430\u043c\" \/>\n<meta property=\"article:published_time\" content=\"2016-01-15T10:23:57+00:00\" \/>\n<meta property=\"og:image\" content=\"https:\/\/spriv.vojvodina.gov.rs\/wp-content\/uploads\/2016\/01\/15012016_Vasin_vinari_mala.jpg\" \/>\n\t<meta property=\"og:image:width\" content=\"120\" \/>\n\t<meta property=\"og:image:height\" content=\"80\" \/>\n\t<meta property=\"og:image:type\" content=\"image\/jpeg\" \/>\n<meta name=\"author\" content=\"Sonja Babi\u0107\" \/>\n<meta name=\"twitter:card\" content=\"summary_large_image\" \/>\n<meta name=\"twitter:label1\" content=\"\u041d\u0430\u043f\u0438\u0441\u0430\u043d\u043e \u043e\u0434\" \/>\n\t<meta name=\"twitter:data1\" content=\"Sonja Babi\u0107\" \/>\n\t<meta name=\"twitter:label2\" content=\"\u041f\u0440\u043e\u0446\u0435\u045a\u0435\u043d\u043e \u0432\u0440\u0435\u043c\u0435 \u0447\u0438\u0442\u0430\u045a\u0430\" \/>\n\t<meta name=\"twitter:data2\" content=\"4 \u043c\u0438\u043d\u0443\u0442\u0430\" \/>\n<script type=\"application\/ld+json\" class=\"yoast-schema-graph\">{\"@context\":\"https:\\\/\\\/schema.org\",\"@graph\":[{\"@type\":\"Article\",\"@id\":\"https:\\\/\\\/spriv.vojvodina.gov.rs\\\/rs\\\/vojvodina-ce-se-najbolje-pripremiti-za-koriscenje-programa-eu-namenjenih-razvoju-poljoprivredne-proizvodnje\\\/#article\",\"isPartOf\":{\"@id\":\"https:\\\/\\\/spriv.vojvodina.gov.rs\\\/rs\\\/vojvodina-ce-se-najbolje-pripremiti-za-koriscenje-programa-eu-namenjenih-razvoju-poljoprivredne-proizvodnje\\\/\"},\"author\":{\"name\":\"Sonja Babi\u0107\",\"@id\":\"https:\\\/\\\/spriv.vojvodina.gov.rs\\\/#\\\/schema\\\/person\\\/749ef4f57fbb458f1c759e7a4fa78485\"},\"headline\":\"Vojvodina \u0107e se najbolje pripremiti za kori\u0161\u0107enje programa EU namenjenih razvoju poljoprivredne proizvodnje\",\"datePublished\":\"2016-01-15T10:23:57+00:00\",\"mainEntityOfPage\":{\"@id\":\"https:\\\/\\\/spriv.vojvodina.gov.rs\\\/rs\\\/vojvodina-ce-se-najbolje-pripremiti-za-koriscenje-programa-eu-namenjenih-razvoju-poljoprivredne-proizvodnje\\\/\"},\"wordCount\":838,\"image\":{\"@id\":\"https:\\\/\\\/spriv.vojvodina.gov.rs\\\/rs\\\/vojvodina-ce-se-najbolje-pripremiti-za-koriscenje-programa-eu-namenjenih-razvoju-poljoprivredne-proizvodnje\\\/#primaryimage\"},\"thumbnailUrl\":\"https:\\\/\\\/spriv.vojvodina.gov.rs\\\/wp-content\\\/uploads\\\/2016\\\/01\\\/15012016_Vasin_vinari_mala.jpg\",\"articleSection\":[\"Vesti Latinica\"],\"inLanguage\":\"sr-RS\"},{\"@type\":\"WebPage\",\"@id\":\"https:\\\/\\\/spriv.vojvodina.gov.rs\\\/rs\\\/vojvodina-ce-se-najbolje-pripremiti-za-koriscenje-programa-eu-namenjenih-razvoju-poljoprivredne-proizvodnje\\\/\",\"url\":\"https:\\\/\\\/spriv.vojvodina.gov.rs\\\/rs\\\/vojvodina-ce-se-najbolje-pripremiti-za-koriscenje-programa-eu-namenjenih-razvoju-poljoprivredne-proizvodnje\\\/\",\"name\":\"Vojvodina \u0107e se najbolje pripremiti za kori\u0161\u0107enje programa EU namenjenih razvoju poljoprivredne proizvodnje - \u041f\u043e\u043a\u0440\u0430\u0458\u0438\u043d\u0441\u043a\u0438 \u0441\u0435\u043a\u0440\u0435\u0442\u0430\u0440\u0438\u0458\u0430\u0442 \u0437\u0430 \u043f\u0440\u0438\u0432\u0440\u0435\u0434\u0443 \u0438 \u0442\u0443\u0440\u0438\u0437\u0430\u043c\",\"isPartOf\":{\"@id\":\"https:\\\/\\\/spriv.vojvodina.gov.rs\\\/#website\"},\"primaryImageOfPage\":{\"@id\":\"https:\\\/\\\/spriv.vojvodina.gov.rs\\\/rs\\\/vojvodina-ce-se-najbolje-pripremiti-za-koriscenje-programa-eu-namenjenih-razvoju-poljoprivredne-proizvodnje\\\/#primaryimage\"},\"image\":{\"@id\":\"https:\\\/\\\/spriv.vojvodina.gov.rs\\\/rs\\\/vojvodina-ce-se-najbolje-pripremiti-za-koriscenje-programa-eu-namenjenih-razvoju-poljoprivredne-proizvodnje\\\/#primaryimage\"},\"thumbnailUrl\":\"https:\\\/\\\/spriv.vojvodina.gov.rs\\\/wp-content\\\/uploads\\\/2016\\\/01\\\/15012016_Vasin_vinari_mala.jpg\",\"datePublished\":\"2016-01-15T10:23:57+00:00\",\"author\":{\"@id\":\"https:\\\/\\\/spriv.vojvodina.gov.rs\\\/#\\\/schema\\\/person\\\/749ef4f57fbb458f1c759e7a4fa78485\"},\"breadcrumb\":{\"@id\":\"https:\\\/\\\/spriv.vojvodina.gov.rs\\\/rs\\\/vojvodina-ce-se-najbolje-pripremiti-za-koriscenje-programa-eu-namenjenih-razvoju-poljoprivredne-proizvodnje\\\/#breadcrumb\"},\"inLanguage\":\"sr-RS\",\"potentialAction\":[{\"@type\":\"ReadAction\",\"target\":[\"https:\\\/\\\/spriv.vojvodina.gov.rs\\\/rs\\\/vojvodina-ce-se-najbolje-pripremiti-za-koriscenje-programa-eu-namenjenih-razvoju-poljoprivredne-proizvodnje\\\/\"]}]},{\"@type\":\"ImageObject\",\"inLanguage\":\"sr-RS\",\"@id\":\"https:\\\/\\\/spriv.vojvodina.gov.rs\\\/rs\\\/vojvodina-ce-se-najbolje-pripremiti-za-koriscenje-programa-eu-namenjenih-razvoju-poljoprivredne-proizvodnje\\\/#primaryimage\",\"url\":\"https:\\\/\\\/spriv.vojvodina.gov.rs\\\/wp-content\\\/uploads\\\/2016\\\/01\\\/15012016_Vasin_vinari_mala.jpg\",\"contentUrl\":\"https:\\\/\\\/spriv.vojvodina.gov.rs\\\/wp-content\\\/uploads\\\/2016\\\/01\\\/15012016_Vasin_vinari_mala.jpg\",\"width\":120,\"height\":80},{\"@type\":\"BreadcrumbList\",\"@id\":\"https:\\\/\\\/spriv.vojvodina.gov.rs\\\/rs\\\/vojvodina-ce-se-najbolje-pripremiti-za-koriscenje-programa-eu-namenjenih-razvoju-poljoprivredne-proizvodnje\\\/#breadcrumb\",\"itemListElement\":[{\"@type\":\"ListItem\",\"position\":1,\"name\":\"Home\",\"item\":\"https:\\\/\\\/spriv.vojvodina.gov.rs\\\/\"},{\"@type\":\"ListItem\",\"position\":2,\"name\":\"Vojvodina \u0107e se najbolje pripremiti za kori\u0161\u0107enje programa EU namenjenih razvoju poljoprivredne proizvodnje\"}]},{\"@type\":\"WebSite\",\"@id\":\"https:\\\/\\\/spriv.vojvodina.gov.rs\\\/#website\",\"url\":\"https:\\\/\\\/spriv.vojvodina.gov.rs\\\/\",\"name\":\"\u041f\u043e\u043a\u0440\u0430\u0458\u0438\u043d\u0441\u043a\u0438 \u0441\u0435\u043a\u0440\u0435\u0442\u0430\u0440\u0438\u0458\u0430\u0442 \u0437\u0430 \u043f\u0440\u0438\u0432\u0440\u0435\u0434\u0443 \u0438 \u0442\u0443\u0440\u0438\u0437\u0430\u043c\",\"description\":\"\u041f\u043e\u043a\u0440\u0430\u0458\u0438\u043d\u0441\u043a\u0438 \u0441\u0435\u043a\u0440\u0435\u0442\u0430\u0440\u0438\u0458\u0430\u0442 \u0437\u0430 \u043f\u0440\u0438\u0432\u0440\u0435\u0434\u0443 \u0438 \u0442\u0443\u0440\u0438\u0437\u0430\u043c\",\"potentialAction\":[{\"@type\":\"SearchAction\",\"target\":{\"@type\":\"EntryPoint\",\"urlTemplate\":\"https:\\\/\\\/spriv.vojvodina.gov.rs\\\/?s={search_term_string}\"},\"query-input\":{\"@type\":\"PropertyValueSpecification\",\"valueRequired\":true,\"valueName\":\"search_term_string\"}}],\"inLanguage\":\"sr-RS\"},{\"@type\":\"Person\",\"@id\":\"https:\\\/\\\/spriv.vojvodina.gov.rs\\\/#\\\/schema\\\/person\\\/749ef4f57fbb458f1c759e7a4fa78485\",\"name\":\"Sonja Babi\u0107\",\"image\":{\"@type\":\"ImageObject\",\"inLanguage\":\"sr-RS\",\"@id\":\"https:\\\/\\\/secure.gravatar.com\\\/avatar\\\/00a1d182a20a59067af1e7b1c31cbcc3be1a456ee4b27746580e120c2582e5bd?s=96&d=mm&r=g\",\"url\":\"https:\\\/\\\/secure.gravatar.com\\\/avatar\\\/00a1d182a20a59067af1e7b1c31cbcc3be1a456ee4b27746580e120c2582e5bd?s=96&d=mm&r=g\",\"contentUrl\":\"https:\\\/\\\/secure.gravatar.com\\\/avatar\\\/00a1d182a20a59067af1e7b1c31cbcc3be1a456ee4b27746580e120c2582e5bd?s=96&d=mm&r=g\",\"caption\":\"Sonja Babi\u0107\"},\"url\":\"https:\\\/\\\/spriv.vojvodina.gov.rs\\\/rs\\\/author\\\/sonja-babic\\\/\"}]}<\/script>\n<!-- \/ Yoast SEO plugin. -->","yoast_head_json":{"title":"Vojvodina \u0107e se najbolje pripremiti za kori\u0161\u0107enje programa EU namenjenih razvoju poljoprivredne proizvodnje - \u041f\u043e\u043a\u0440\u0430\u0458\u0438\u043d\u0441\u043a\u0438 \u0441\u0435\u043a\u0440\u0435\u0442\u0430\u0440\u0438\u0458\u0430\u0442 \u0437\u0430 \u043f\u0440\u0438\u0432\u0440\u0435\u0434\u0443 \u0438 \u0442\u0443\u0440\u0438\u0437\u0430\u043c","robots":{"index":"index","follow":"follow","max-snippet":"max-snippet:-1","max-image-preview":"max-image-preview:large","max-video-preview":"max-video-preview:-1"},"canonical":"https:\/\/spriv.vojvodina.gov.rs\/rs\/vojvodina-ce-se-najbolje-pripremiti-za-koriscenje-programa-eu-namenjenih-razvoju-poljoprivredne-proizvodnje\/","og_locale":"sr_RS","og_type":"article","og_title":"Vojvodina \u0107e se najbolje pripremiti za kori\u0161\u0107enje programa EU namenjenih razvoju poljoprivredne proizvodnje - \u041f\u043e\u043a\u0440\u0430\u0458\u0438\u043d\u0441\u043a\u0438 \u0441\u0435\u043a\u0440\u0435\u0442\u0430\u0440\u0438\u0458\u0430\u0442 \u0437\u0430 \u043f\u0440\u0438\u0432\u0440\u0435\u0434\u0443 \u0438 \u0442\u0443\u0440\u0438\u0437\u0430\u043c","og_description":"Novi Sad, 15. januar 2016. - Potpredsednik Pokrajinske vlade i pokrajinski sekretar za privredu Miroslav Vasin obratio se danas u Ne\u0161tinu predstavnicima lokanih samouprava, turisti\u010dkih organizacija i proizvo\u0111a\u010dima vina iz Vojvodine, koji su u vinariju porodice Kurili\u0107 (\u201eGaston Wine House\u201c), danas do\u0161li da prisustvuju prezentaciji slovena\u010dkih iskustava povodom kori\u0161\u0107enja sredstava iz IPARD programa Evropske unije, u oblasti vinogradarstva i proizvodnje vina.","og_url":"https:\/\/spriv.vojvodina.gov.rs\/rs\/vojvodina-ce-se-najbolje-pripremiti-za-koriscenje-programa-eu-namenjenih-razvoju-poljoprivredne-proizvodnje\/","og_site_name":"\u041f\u043e\u043a\u0440\u0430\u0458\u0438\u043d\u0441\u043a\u0438 \u0441\u0435\u043a\u0440\u0435\u0442\u0430\u0440\u0438\u0458\u0430\u0442 \u0437\u0430 \u043f\u0440\u0438\u0432\u0440\u0435\u0434\u0443 \u0438 \u0442\u0443\u0440\u0438\u0437\u0430\u043c","article_published_time":"2016-01-15T10:23:57+00:00","og_image":[{"width":120,"height":80,"url":"https:\/\/spriv.vojvodina.gov.rs\/wp-content\/uploads\/2016\/01\/15012016_Vasin_vinari_mala.jpg","type":"image\/jpeg"}],"author":"Sonja Babi\u0107","twitter_card":"summary_large_image","twitter_misc":{"\u041d\u0430\u043f\u0438\u0441\u0430\u043d\u043e \u043e\u0434":"Sonja Babi\u0107","\u041f\u0440\u043e\u0446\u0435\u045a\u0435\u043d\u043e \u0432\u0440\u0435\u043c\u0435 \u0447\u0438\u0442\u0430\u045a\u0430":"4 \u043c\u0438\u043d\u0443\u0442\u0430"},"schema":{"@context":"https:\/\/schema.org","@graph":[{"@type":"Article","@id":"https:\/\/spriv.vojvodina.gov.rs\/rs\/vojvodina-ce-se-najbolje-pripremiti-za-koriscenje-programa-eu-namenjenih-razvoju-poljoprivredne-proizvodnje\/#article","isPartOf":{"@id":"https:\/\/spriv.vojvodina.gov.rs\/rs\/vojvodina-ce-se-najbolje-pripremiti-za-koriscenje-programa-eu-namenjenih-razvoju-poljoprivredne-proizvodnje\/"},"author":{"name":"Sonja Babi\u0107","@id":"https:\/\/spriv.vojvodina.gov.rs\/#\/schema\/person\/749ef4f57fbb458f1c759e7a4fa78485"},"headline":"Vojvodina \u0107e se najbolje pripremiti za kori\u0161\u0107enje programa EU namenjenih razvoju poljoprivredne proizvodnje","datePublished":"2016-01-15T10:23:57+00:00","mainEntityOfPage":{"@id":"https:\/\/spriv.vojvodina.gov.rs\/rs\/vojvodina-ce-se-najbolje-pripremiti-za-koriscenje-programa-eu-namenjenih-razvoju-poljoprivredne-proizvodnje\/"},"wordCount":838,"image":{"@id":"https:\/\/spriv.vojvodina.gov.rs\/rs\/vojvodina-ce-se-najbolje-pripremiti-za-koriscenje-programa-eu-namenjenih-razvoju-poljoprivredne-proizvodnje\/#primaryimage"},"thumbnailUrl":"https:\/\/spriv.vojvodina.gov.rs\/wp-content\/uploads\/2016\/01\/15012016_Vasin_vinari_mala.jpg","articleSection":["Vesti Latinica"],"inLanguage":"sr-RS"},{"@type":"WebPage","@id":"https:\/\/spriv.vojvodina.gov.rs\/rs\/vojvodina-ce-se-najbolje-pripremiti-za-koriscenje-programa-eu-namenjenih-razvoju-poljoprivredne-proizvodnje\/","url":"https:\/\/spriv.vojvodina.gov.rs\/rs\/vojvodina-ce-se-najbolje-pripremiti-za-koriscenje-programa-eu-namenjenih-razvoju-poljoprivredne-proizvodnje\/","name":"Vojvodina \u0107e se najbolje pripremiti za kori\u0161\u0107enje programa EU namenjenih razvoju poljoprivredne proizvodnje - \u041f\u043e\u043a\u0440\u0430\u0458\u0438\u043d\u0441\u043a\u0438 \u0441\u0435\u043a\u0440\u0435\u0442\u0430\u0440\u0438\u0458\u0430\u0442 \u0437\u0430 \u043f\u0440\u0438\u0432\u0440\u0435\u0434\u0443 \u0438 \u0442\u0443\u0440\u0438\u0437\u0430\u043c","isPartOf":{"@id":"https:\/\/spriv.vojvodina.gov.rs\/#website"},"primaryImageOfPage":{"@id":"https:\/\/spriv.vojvodina.gov.rs\/rs\/vojvodina-ce-se-najbolje-pripremiti-za-koriscenje-programa-eu-namenjenih-razvoju-poljoprivredne-proizvodnje\/#primaryimage"},"image":{"@id":"https:\/\/spriv.vojvodina.gov.rs\/rs\/vojvodina-ce-se-najbolje-pripremiti-za-koriscenje-programa-eu-namenjenih-razvoju-poljoprivredne-proizvodnje\/#primaryimage"},"thumbnailUrl":"https:\/\/spriv.vojvodina.gov.rs\/wp-content\/uploads\/2016\/01\/15012016_Vasin_vinari_mala.jpg","datePublished":"2016-01-15T10:23:57+00:00","author":{"@id":"https:\/\/spriv.vojvodina.gov.rs\/#\/schema\/person\/749ef4f57fbb458f1c759e7a4fa78485"},"breadcrumb":{"@id":"https:\/\/spriv.vojvodina.gov.rs\/rs\/vojvodina-ce-se-najbolje-pripremiti-za-koriscenje-programa-eu-namenjenih-razvoju-poljoprivredne-proizvodnje\/#breadcrumb"},"inLanguage":"sr-RS","potentialAction":[{"@type":"ReadAction","target":["https:\/\/spriv.vojvodina.gov.rs\/rs\/vojvodina-ce-se-najbolje-pripremiti-za-koriscenje-programa-eu-namenjenih-razvoju-poljoprivredne-proizvodnje\/"]}]},{"@type":"ImageObject","inLanguage":"sr-RS","@id":"https:\/\/spriv.vojvodina.gov.rs\/rs\/vojvodina-ce-se-najbolje-pripremiti-za-koriscenje-programa-eu-namenjenih-razvoju-poljoprivredne-proizvodnje\/#primaryimage","url":"https:\/\/spriv.vojvodina.gov.rs\/wp-content\/uploads\/2016\/01\/15012016_Vasin_vinari_mala.jpg","contentUrl":"https:\/\/spriv.vojvodina.gov.rs\/wp-content\/uploads\/2016\/01\/15012016_Vasin_vinari_mala.jpg","width":120,"height":80},{"@type":"BreadcrumbList","@id":"https:\/\/spriv.vojvodina.gov.rs\/rs\/vojvodina-ce-se-najbolje-pripremiti-za-koriscenje-programa-eu-namenjenih-razvoju-poljoprivredne-proizvodnje\/#breadcrumb","itemListElement":[{"@type":"ListItem","position":1,"name":"Home","item":"https:\/\/spriv.vojvodina.gov.rs\/"},{"@type":"ListItem","position":2,"name":"Vojvodina \u0107e se najbolje pripremiti za kori\u0161\u0107enje programa EU namenjenih razvoju poljoprivredne proizvodnje"}]},{"@type":"WebSite","@id":"https:\/\/spriv.vojvodina.gov.rs\/#website","url":"https:\/\/spriv.vojvodina.gov.rs\/","name":"\u041f\u043e\u043a\u0440\u0430\u0458\u0438\u043d\u0441\u043a\u0438 \u0441\u0435\u043a\u0440\u0435\u0442\u0430\u0440\u0438\u0458\u0430\u0442 \u0437\u0430 \u043f\u0440\u0438\u0432\u0440\u0435\u0434\u0443 \u0438 \u0442\u0443\u0440\u0438\u0437\u0430\u043c","description":"\u041f\u043e\u043a\u0440\u0430\u0458\u0438\u043d\u0441\u043a\u0438 \u0441\u0435\u043a\u0440\u0435\u0442\u0430\u0440\u0438\u0458\u0430\u0442 \u0437\u0430 \u043f\u0440\u0438\u0432\u0440\u0435\u0434\u0443 \u0438 \u0442\u0443\u0440\u0438\u0437\u0430\u043c","potentialAction":[{"@type":"SearchAction","target":{"@type":"EntryPoint","urlTemplate":"https:\/\/spriv.vojvodina.gov.rs\/?s={search_term_string}"},"query-input":{"@type":"PropertyValueSpecification","valueRequired":true,"valueName":"search_term_string"}}],"inLanguage":"sr-RS"},{"@type":"Person","@id":"https:\/\/spriv.vojvodina.gov.rs\/#\/schema\/person\/749ef4f57fbb458f1c759e7a4fa78485","name":"Sonja Babi\u0107","image":{"@type":"ImageObject","inLanguage":"sr-RS","@id":"https:\/\/secure.gravatar.com\/avatar\/00a1d182a20a59067af1e7b1c31cbcc3be1a456ee4b27746580e120c2582e5bd?s=96&d=mm&r=g","url":"https:\/\/secure.gravatar.com\/avatar\/00a1d182a20a59067af1e7b1c31cbcc3be1a456ee4b27746580e120c2582e5bd?s=96&d=mm&r=g","contentUrl":"https:\/\/secure.gravatar.com\/avatar\/00a1d182a20a59067af1e7b1c31cbcc3be1a456ee4b27746580e120c2582e5bd?s=96&d=mm&r=g","caption":"Sonja Babi\u0107"},"url":"https:\/\/spriv.vojvodina.gov.rs\/rs\/author\/sonja-babic\/"}]}},"_links":{"self":[{"href":"https:\/\/spriv.vojvodina.gov.rs\/rs\/wp-json\/wp\/v2\/posts\/1283","targetHints":{"allow":["GET"]}}],"collection":[{"href":"https:\/\/spriv.vojvodina.gov.rs\/rs\/wp-json\/wp\/v2\/posts"}],"about":[{"href":"https:\/\/spriv.vojvodina.gov.rs\/rs\/wp-json\/wp\/v2\/types\/post"}],"author":[{"embeddable":true,"href":"https:\/\/spriv.vojvodina.gov.rs\/rs\/wp-json\/wp\/v2\/users\/3"}],"replies":[{"embeddable":true,"href":"https:\/\/spriv.vojvodina.gov.rs\/rs\/wp-json\/wp\/v2\/comments?post=1283"}],"version-history":[{"count":0,"href":"https:\/\/spriv.vojvodina.gov.rs\/rs\/wp-json\/wp\/v2\/posts\/1283\/revisions"}],"wp:featuredmedia":[{"embeddable":true,"href":"https:\/\/spriv.vojvodina.gov.rs\/rs\/wp-json\/wp\/v2\/media\/1277"}],"wp:attachment":[{"href":"https:\/\/spriv.vojvodina.gov.rs\/rs\/wp-json\/wp\/v2\/media?parent=1283"}],"wp:term":[{"taxonomy":"category","embeddable":true,"href":"https:\/\/spriv.vojvodina.gov.rs\/rs\/wp-json\/wp\/v2\/categories?post=1283"},{"taxonomy":"post_tag","embeddable":true,"href":"https:\/\/spriv.vojvodina.gov.rs\/rs\/wp-json\/wp\/v2\/tags?post=1283"}],"curies":[{"name":"wp","href":"https:\/\/api.w.org\/{rel}","templated":true}]}}