{"id":1240,"date":"2015-12-02T12:07:32","date_gmt":"2015-12-02T12:07:32","guid":{"rendered":"http:\/\/spriv.vojvodina.gov.rs\/2015\/12\/02\/povodom-medunarodnog-dana-osoba-sa-invaliditetom-3-decembar\/"},"modified":"2015-12-02T12:07:32","modified_gmt":"2015-12-02T12:07:32","slug":"povodom-medunarodnog-dana-osoba-sa-invaliditetom-3-decembar","status":"publish","type":"post","link":"https:\/\/spriv.vojvodina.gov.rs\/rs\/povodom-medunarodnog-dana-osoba-sa-invaliditetom-3-decembar\/","title":{"rendered":"Povodom Me\u0111unarodnog dana osoba sa invaliditetom &#8211; 3. decembar"},"content":{"rendered":"<p style=\"text-align: justify;\"><img loading=\"lazy\" decoding=\"async\" class=\" size-full wp-image-1238\" src=\"http:\/\/spriv.vojvodina.gov.rs\/wp-content\/uploads\/2015\/12\/equality-and-diversity3_0.jpg\" border=\"0\" alt=\"\" style=\"display: block; margin-left: auto; margin-right: auto;\" width=\"580\" height=\"387\" srcset=\"https:\/\/spriv.vojvodina.gov.rs\/wp-content\/uploads\/2015\/12\/equality-and-diversity3_0.jpg 580w, https:\/\/spriv.vojvodina.gov.rs\/wp-content\/uploads\/2015\/12\/equality-and-diversity3_0-300x200.jpg 300w\" sizes=\"auto, (max-width: 580px) 100vw, 580px\" \/><br \/>Invaliditet, kao dru\u0161tvena pojava, nema tendenciju smanjenja i pa\u017enja prema ovoj ciljnoj grupi \u0107e biti aktuelna i u budu\u0107nosti. Podaci UN govore o porastu broja osoba koje \u017eive sa invaliditetom koji je, sa jedne strane uslovljen napretkom medicine i tehnologije, a sa druge strane, produ\u017eenjem ljudskog veka, saobra\u0107ajnim i drugim nesre\u0107ama, bolestima, zloupotrebom supstanci i sli\u010dno.<\/p>\n<p>Problem invaliditeta zato nije samo stvar pojedinca, ve\u0107 ideolo\u0161ko pitanje koje zahteva dru\u0161tvenu promenu, kao i politi\u010dko pitanje povezano sa ljudskim pravima.<\/p>\n<p>U praksi, osobe sa invaliditetom pripadaju multi heterogenoj ciljnoj grupi \u010dija pozicija na tr\u017ei\u0161tu rada zavisi od mnogo faktora, pre svega od li\u010dnih karakteristika, izvora motivacije, slo\u017eenosti invaliditeta i stepena rehabilitacije, profesionalne orjentacije i obrazovnog nivoa, u\u017eeg i \u0161ireg okru\u017eenja, pravnog osnova nastanka invaliditeta, mesta prebivali\u0161ta i pristupa\u010dnosti sredine, materijalnih i porodi\u010dnih prilika, postoje\u0107ih ve\u0161tina i potencijala. Uglavnom pripadaju kategoriji lica koji se te\u017ee zapo\u0161ljavaju i \u010de\u0161\u0107e gube posao. Kao glavni razlozi problema zapo\u0161ljavanja se mogu navesti: visoka op\u0161ta nezaposlenost i deficit radnih mesta zbog privredne depresije, velika konkurencija na tr\u017ei\u0161tu radne snage i aktuelni profil univerzalnog izvr\u0161ioca, ali i predrasude i stereotipi u vezi sa ciljnom grupom.<\/p>\n<p>Opredeljenje da se uspostave efikasni mehanizmi radne integracije zahteva me\u0111usektorski pristup i sinhronizovano u\u010de\u0161\u0107e svih aktera u dru\u0161tvu \u2013 javnog, civilnog, nau\u010dnog i poslovnog sektora sa aktivnim u\u010de\u0161\u0107em pojedinaca. Nova poslovna etika dru\u0161tveno odgovornog poslovanja, nala\u017ee ravnote\u017eu izme\u0111u socijalnih i ekonomskih uticaja preduze\u0107a na dru\u0161tvo. Civilni sektor ima potrebu za novim na\u010dinima odr\u017eivosti \u0161to zahteva ve\u0107i broj inicijativa za dobrobit dru\u0161tva, dok javni sektor odgovora za usmeravanje sistema vrednosti koji \u0107e na najefikasniji na\u010din re\u0161avati brojna dru\u0161tvena pitanja i omogu\u0107iti u\u010de\u0161\u0107e svih \u010dlanova dru\u0161tva.<\/p>\n<p>Pokrajinski sekretarijat za privredu zapo\u0161ljavanje i ravnopravnost polova od 2002. godine analizira i izve\u0161tava o polo\u017eaju osoba sa invaliditetom na tr\u017ei\u0161tu rada u AP Vojvodini, a od 2010. godine prati i primenu Zakona o profesionalnoj rehabilitaciji i zapo\u0161ljavanju osoba sa invaliditetom i uticaj aktuelnog privrednog konteksta na ovu ciljnu grupu.<\/p>\n<p>Prema podacima Pokrajinske slu\u017ebe za zapo\u0161ljavanje, na teritoriji AP Vojvodine su tokom deset meseci 2015. godine u procesu zapo\u0161ljavanja u\u010destvovale 2.874 osobe sa invaliditetom, od kojih 1.070 \u017eena (37%). Namenske subvencije Nacionalne slu\u017ebe za zapo\u0161ljavanje kori\u0161tene su u 18% slu\u010dajeva. U odnosu na prethodnu godinu zapo\u0161ljavanje osoba sa invaliditetom je ve\u0107e za 20%.<\/p>\n<p>I dalje najpopularnija mera za upo\u0161ljavanje te ciljne grupe je javni rad putem koga su u ovom periodu posao na odre\u0111eno vreme dobilo 346 osoba (72%).<\/p>\n<p>Subvencija za otvaranje novog radnog mesta u zapo\u0161ljavanju osoba sa invaliditetom kori\u0161tena je za 29 OSI (6%), dok se 26 osoba (5%) samozaposlilo uz nov\u010danu podr\u0161ku. Namensku pomo\u0107 dr\u017eave za zapo\u0161ljavanje osoba sa invaliditetom koje prvi put zasnivaju radni odnos koristilo je 80 poslodavaca sa teritorije AP Vojvodine za 85 osoba ( 17%).<\/p>\n<p>Zaklju\u010dno sa novembrom 2015. u AP Vojvodini je registrovano 7.278 nezaposlenih osoba sa invaliditetom, od kojih 2.279 \u017eena (31%). Struktura nezaposlenosti je bez zna\u010dajnijih promena: najmasovniji su starosne dobi preko 40 godina, njih 70%, bez kvalifikacije je 51%, dok je sa visokim ili vi\u0161im obrazovanjem 5% osoba sa invaliditetom. Do godinu dana posao \u010deka 21% nezaposlenih sa invaliditetom, dok 30% prijavljenih posao \u010deka vi\u0161e od 10 godina.<\/p>\n<p>Prema pravnom osnovu priznavanja invaliditeta, najve\u0107i udeo imaju osobe sa procenom radne sposobnosti I i II stepena \u2013 33% i grupa \u201ekategorisana omladina\u201c \u2013 26%. \u201eInvalidi rada\u201c, korisnici prava po starom Zakonu o penzijsko invalidskom osiguranju, u\u010destvuju sa 16%, dok status \u201eratnih invalida\u201c ima 23% nezaposlenih, a 2% su ostali.<\/p>\n<p>Zakon o profesionalnoj rehabilitaciji i zapo\u0161ljavanju OSI nala\u017ee da su svi poslodavci u javnom i privatnom sektoru sa vi\u0161e od 20 zaposlenih, obveznici zapo\u0161ljavanja osoba sa invaliditetom. Oni su time i najmo\u0107nija platforma \u201erezervisanih radnih mesta\u201c za osobe sa invaliditetim. Tako\u0111e, daju nam uvid u zakonski minimum i ukazuju na odnos obveznika prema resursima osoba sa invaliditetom.<\/p>\n<p>U AP Vojvodini, shodno Zakonu, kapacitet za zapo\u0161ljavanje osoba sa invaliditetom je dve tre\u0107ine u privatnom sektoru i jedna tre\u0107ina u javnom sektoru. Kod poslodavaca obveznika Zakona na teritoriji AP Vojvodine je ukupno prijavljivano oko 4.220 osoba sa re\u0161enjem o invaliditetu (75% obaveze), a punom primenom Zakona u formi ponude radnog mesta samo u AP Vojvodini bi se moglo zaposliti jo\u0161 oko 1.400 osoba sa nekom vrstom invaliditeta. U proseku, oko 23% zakonske obaveze upla\u0107uje se u fond pri Ministarstvu finansija (prose\u010dno mese\u010dno oko u 45.000.000 dinara uplate poslodavci iz APV), dok 2 % obaveze izvr\u0161avaju ugovorima o poslovno tehni\u010dkoj saradnji sa preduze\u0107ima za profesionalnu rehabilitaciju i zapo\u0161ljavanje OSI (za oko 110 osoba).<\/p>\n<p>Na teritoriji AP Vojvodine se nalazi i 14 preduze\u0107a za profesionalnu rehabilitaciju i zapo\u0161ljavanje OSI, od toga 12 u privatnom vlasni\u0161tvu, a \u010dak 5 su osnovana u poslednje dve godine (\u201ePlodovi Pak\u201c doo i \u201eInval Stat\u201c doo, u Kovinu i \u201eKS-Safety shoes i &#8222;Gepard Vis\u201c i \u201e\u0160kolska knjiga\u201c u Novom Sadu). Ova preduze\u0107a postaju sve vi\u0161e vrednovana na tr\u017ei\u0161tu, pre svega zbog posve\u0107enosti rehabilitaciji i razvoju ljudskih resursa koji im za uzvrat donose solidno i stabilno poslovanje. Samo u Vojvodini, u tim preduze\u0107ima je oko 400 osoba sa invaliditetom od ukupno 650 zaposlenih.<\/p>\n<p>U skladu sa opredeljenjem da pratimo socijalnu dimenziju evropskih integracija i radimo na uspostavljanju efikasnijih mehanizama radne integracije pozivamo sve poslodavce na dru\u0161tveno odgovorno poslovanje i ve\u0107e zapo\u0161ljavanje osoba sa invaliditetom. Politika Pokrajinske vlade \u0107e i dalje biti podr\u0161ka odr\u017eivim modelima poslovanja sa prepoznatljivom socijalno ekonomskom komponentom.<\/p>\n","protected":false},"excerpt":{"rendered":"Novi Sad, 2. decembar 2015. &#8211; Invaliditet, kao dru\u0161tvena pojava, nema tendenciju smanjenja i pa\u017enja prema ovoj ciljnoj grupi \u0107e biti aktuelna i u budu\u0107nosti. Podaci UN govore o porastu broja osoba koje \u017eive sa invaliditetom koji je, sa jedne strane uslovljen napretkom medicine i tehnologije, a sa druge strane, produ\u017eenjem ljudskog veka, saobra\u0107ajnim i drugim nesre\u0107ama, bolestima, zloupotrebom supstanci i sli\u010dno. Problem invaliditeta zato nije samo stvar pojedinca, ve\u0107 ideolo\u0161ko pitanje koje zahteva dru\u0161tvenu promenu, kao i politi\u010dko pitanje povezano sa ljudskim pravima.\n<a class=\"moretag\" href=\"https:\/\/spriv.vojvodina.gov.rs\/rs\/povodom-medunarodnog-dana-osoba-sa-invaliditetom-3-decembar\/\"> [...]<\/a>","protected":false},"author":3,"featured_media":1237,"comment_status":"closed","ping_status":"closed","sticky":false,"template":"","format":"standard","meta":{"footnotes":""},"categories":[31],"tags":[],"class_list":["post-1240","post","type-post","status-publish","format-standard","has-post-thumbnail","hentry","category-vesti-latinica1"],"yoast_head":"<!-- This site is optimized with the Yoast SEO plugin v27.4 - https:\/\/yoast.com\/product\/yoast-seo-wordpress\/ -->\n<title>Povodom Me\u0111unarodnog dana osoba sa invaliditetom - 3. decembar - \u041f\u043e\u043a\u0440\u0430\u0458\u0438\u043d\u0441\u043a\u0438 \u0441\u0435\u043a\u0440\u0435\u0442\u0430\u0440\u0438\u0458\u0430\u0442 \u0437\u0430 \u043f\u0440\u0438\u0432\u0440\u0435\u0434\u0443 \u0438 \u0442\u0443\u0440\u0438\u0437\u0430\u043c<\/title>\n<meta name=\"robots\" content=\"index, follow, max-snippet:-1, max-image-preview:large, max-video-preview:-1\" \/>\n<link rel=\"canonical\" href=\"https:\/\/spriv.vojvodina.gov.rs\/rs\/povodom-medunarodnog-dana-osoba-sa-invaliditetom-3-decembar\/\" \/>\n<meta property=\"og:locale\" content=\"sr_RS\" \/>\n<meta property=\"og:type\" content=\"article\" \/>\n<meta property=\"og:title\" content=\"Povodom Me\u0111unarodnog dana osoba sa invaliditetom - 3. decembar - \u041f\u043e\u043a\u0440\u0430\u0458\u0438\u043d\u0441\u043a\u0438 \u0441\u0435\u043a\u0440\u0435\u0442\u0430\u0440\u0438\u0458\u0430\u0442 \u0437\u0430 \u043f\u0440\u0438\u0432\u0440\u0435\u0434\u0443 \u0438 \u0442\u0443\u0440\u0438\u0437\u0430\u043c\" \/>\n<meta property=\"og:description\" content=\"Novi Sad, 2. decembar 2015. - Invaliditet, kao dru\u0161tvena pojava, nema tendenciju smanjenja i pa\u017enja prema ovoj ciljnoj grupi \u0107e biti aktuelna i u budu\u0107nosti. Podaci UN govore o porastu broja osoba koje \u017eive sa invaliditetom koji je, sa jedne strane uslovljen napretkom medicine i tehnologije, a sa druge strane, produ\u017eenjem ljudskog veka, saobra\u0107ajnim i drugim nesre\u0107ama, bolestima, zloupotrebom supstanci i sli\u010dno. Problem invaliditeta zato nije samo stvar pojedinca, ve\u0107 ideolo\u0161ko pitanje koje zahteva dru\u0161tvenu promenu, kao i politi\u010dko pitanje povezano sa ljudskim pravima.\" \/>\n<meta property=\"og:url\" content=\"https:\/\/spriv.vojvodina.gov.rs\/povodom-medunarodnog-dana-osoba-sa-invaliditetom-3-decembar\/\" \/>\n<meta property=\"og:site_name\" content=\"\u041f\u043e\u043a\u0440\u0430\u0458\u0438\u043d\u0441\u043a\u0438 \u0441\u0435\u043a\u0440\u0435\u0442\u0430\u0440\u0438\u0458\u0430\u0442 \u0437\u0430 \u043f\u0440\u0438\u0432\u0440\u0435\u0434\u0443 \u0438 \u0442\u0443\u0440\u0438\u0437\u0430\u043c\" \/>\n<meta property=\"article:published_time\" content=\"2015-12-02T12:07:32+00:00\" \/>\n<meta property=\"og:image\" content=\"https:\/\/spriv.vojvodina.gov.rs\/wp-content\/uploads\/2015\/12\/equality-and-diversity3_mala.jpg\" \/>\n\t<meta property=\"og:image:width\" content=\"120\" \/>\n\t<meta property=\"og:image:height\" content=\"80\" \/>\n\t<meta property=\"og:image:type\" content=\"image\/jpeg\" \/>\n<meta name=\"author\" content=\"Sonja Babi\u0107\" \/>\n<meta name=\"twitter:card\" content=\"summary_large_image\" \/>\n<meta name=\"twitter:label1\" content=\"\u041d\u0430\u043f\u0438\u0441\u0430\u043d\u043e \u043e\u0434\" \/>\n\t<meta name=\"twitter:data1\" content=\"Sonja Babi\u0107\" \/>\n\t<meta name=\"twitter:label2\" content=\"\u041f\u0440\u043e\u0446\u0435\u045a\u0435\u043d\u043e \u0432\u0440\u0435\u043c\u0435 \u0447\u0438\u0442\u0430\u045a\u0430\" \/>\n\t<meta name=\"twitter:data2\" content=\"5 \u043c\u0438\u043d\u0443\u0442\u0430\" \/>\n<script type=\"application\/ld+json\" class=\"yoast-schema-graph\">{\"@context\":\"https:\\\/\\\/schema.org\",\"@graph\":[{\"@type\":\"Article\",\"@id\":\"https:\\\/\\\/spriv.vojvodina.gov.rs\\\/povodom-medunarodnog-dana-osoba-sa-invaliditetom-3-decembar\\\/#article\",\"isPartOf\":{\"@id\":\"https:\\\/\\\/spriv.vojvodina.gov.rs\\\/povodom-medunarodnog-dana-osoba-sa-invaliditetom-3-decembar\\\/\"},\"author\":{\"name\":\"Sonja Babi\u0107\",\"@id\":\"https:\\\/\\\/spriv.vojvodina.gov.rs\\\/#\\\/schema\\\/person\\\/749ef4f57fbb458f1c759e7a4fa78485\"},\"headline\":\"Povodom Me\u0111unarodnog dana osoba sa invaliditetom &#8211; 3. decembar\",\"datePublished\":\"2015-12-02T12:07:32+00:00\",\"mainEntityOfPage\":{\"@id\":\"https:\\\/\\\/spriv.vojvodina.gov.rs\\\/povodom-medunarodnog-dana-osoba-sa-invaliditetom-3-decembar\\\/\"},\"wordCount\":951,\"image\":{\"@id\":\"https:\\\/\\\/spriv.vojvodina.gov.rs\\\/povodom-medunarodnog-dana-osoba-sa-invaliditetom-3-decembar\\\/#primaryimage\"},\"thumbnailUrl\":\"https:\\\/\\\/spriv.vojvodina.gov.rs\\\/wp-content\\\/uploads\\\/2015\\\/12\\\/equality-and-diversity3_mala.jpg\",\"articleSection\":[\"Vesti Latinica\"],\"inLanguage\":\"sr-RS\"},{\"@type\":\"WebPage\",\"@id\":\"https:\\\/\\\/spriv.vojvodina.gov.rs\\\/povodom-medunarodnog-dana-osoba-sa-invaliditetom-3-decembar\\\/\",\"url\":\"https:\\\/\\\/spriv.vojvodina.gov.rs\\\/povodom-medunarodnog-dana-osoba-sa-invaliditetom-3-decembar\\\/\",\"name\":\"Povodom Me\u0111unarodnog dana osoba sa invaliditetom - 3. decembar - \u041f\u043e\u043a\u0440\u0430\u0458\u0438\u043d\u0441\u043a\u0438 \u0441\u0435\u043a\u0440\u0435\u0442\u0430\u0440\u0438\u0458\u0430\u0442 \u0437\u0430 \u043f\u0440\u0438\u0432\u0440\u0435\u0434\u0443 \u0438 \u0442\u0443\u0440\u0438\u0437\u0430\u043c\",\"isPartOf\":{\"@id\":\"https:\\\/\\\/spriv.vojvodina.gov.rs\\\/#website\"},\"primaryImageOfPage\":{\"@id\":\"https:\\\/\\\/spriv.vojvodina.gov.rs\\\/povodom-medunarodnog-dana-osoba-sa-invaliditetom-3-decembar\\\/#primaryimage\"},\"image\":{\"@id\":\"https:\\\/\\\/spriv.vojvodina.gov.rs\\\/povodom-medunarodnog-dana-osoba-sa-invaliditetom-3-decembar\\\/#primaryimage\"},\"thumbnailUrl\":\"https:\\\/\\\/spriv.vojvodina.gov.rs\\\/wp-content\\\/uploads\\\/2015\\\/12\\\/equality-and-diversity3_mala.jpg\",\"datePublished\":\"2015-12-02T12:07:32+00:00\",\"author\":{\"@id\":\"https:\\\/\\\/spriv.vojvodina.gov.rs\\\/#\\\/schema\\\/person\\\/749ef4f57fbb458f1c759e7a4fa78485\"},\"breadcrumb\":{\"@id\":\"https:\\\/\\\/spriv.vojvodina.gov.rs\\\/povodom-medunarodnog-dana-osoba-sa-invaliditetom-3-decembar\\\/#breadcrumb\"},\"inLanguage\":\"sr-RS\",\"potentialAction\":[{\"@type\":\"ReadAction\",\"target\":[\"https:\\\/\\\/spriv.vojvodina.gov.rs\\\/povodom-medunarodnog-dana-osoba-sa-invaliditetom-3-decembar\\\/\"]}]},{\"@type\":\"ImageObject\",\"inLanguage\":\"sr-RS\",\"@id\":\"https:\\\/\\\/spriv.vojvodina.gov.rs\\\/povodom-medunarodnog-dana-osoba-sa-invaliditetom-3-decembar\\\/#primaryimage\",\"url\":\"https:\\\/\\\/spriv.vojvodina.gov.rs\\\/wp-content\\\/uploads\\\/2015\\\/12\\\/equality-and-diversity3_mala.jpg\",\"contentUrl\":\"https:\\\/\\\/spriv.vojvodina.gov.rs\\\/wp-content\\\/uploads\\\/2015\\\/12\\\/equality-and-diversity3_mala.jpg\",\"width\":120,\"height\":80},{\"@type\":\"BreadcrumbList\",\"@id\":\"https:\\\/\\\/spriv.vojvodina.gov.rs\\\/povodom-medunarodnog-dana-osoba-sa-invaliditetom-3-decembar\\\/#breadcrumb\",\"itemListElement\":[{\"@type\":\"ListItem\",\"position\":1,\"name\":\"Home\",\"item\":\"https:\\\/\\\/spriv.vojvodina.gov.rs\\\/\"},{\"@type\":\"ListItem\",\"position\":2,\"name\":\"Povodom Me\u0111unarodnog dana osoba sa invaliditetom &#8211; 3. decembar\"}]},{\"@type\":\"WebSite\",\"@id\":\"https:\\\/\\\/spriv.vojvodina.gov.rs\\\/#website\",\"url\":\"https:\\\/\\\/spriv.vojvodina.gov.rs\\\/\",\"name\":\"\u041f\u043e\u043a\u0440\u0430\u0458\u0438\u043d\u0441\u043a\u0438 \u0441\u0435\u043a\u0440\u0435\u0442\u0430\u0440\u0438\u0458\u0430\u0442 \u0437\u0430 \u043f\u0440\u0438\u0432\u0440\u0435\u0434\u0443 \u0438 \u0442\u0443\u0440\u0438\u0437\u0430\u043c\",\"description\":\"\u041f\u043e\u043a\u0440\u0430\u0458\u0438\u043d\u0441\u043a\u0438 \u0441\u0435\u043a\u0440\u0435\u0442\u0430\u0440\u0438\u0458\u0430\u0442 \u0437\u0430 \u043f\u0440\u0438\u0432\u0440\u0435\u0434\u0443 \u0438 \u0442\u0443\u0440\u0438\u0437\u0430\u043c\",\"potentialAction\":[{\"@type\":\"SearchAction\",\"target\":{\"@type\":\"EntryPoint\",\"urlTemplate\":\"https:\\\/\\\/spriv.vojvodina.gov.rs\\\/?s={search_term_string}\"},\"query-input\":{\"@type\":\"PropertyValueSpecification\",\"valueRequired\":true,\"valueName\":\"search_term_string\"}}],\"inLanguage\":\"sr-RS\"},{\"@type\":\"Person\",\"@id\":\"https:\\\/\\\/spriv.vojvodina.gov.rs\\\/#\\\/schema\\\/person\\\/749ef4f57fbb458f1c759e7a4fa78485\",\"name\":\"Sonja Babi\u0107\",\"image\":{\"@type\":\"ImageObject\",\"inLanguage\":\"sr-RS\",\"@id\":\"https:\\\/\\\/secure.gravatar.com\\\/avatar\\\/00a1d182a20a59067af1e7b1c31cbcc3be1a456ee4b27746580e120c2582e5bd?s=96&d=mm&r=g\",\"url\":\"https:\\\/\\\/secure.gravatar.com\\\/avatar\\\/00a1d182a20a59067af1e7b1c31cbcc3be1a456ee4b27746580e120c2582e5bd?s=96&d=mm&r=g\",\"contentUrl\":\"https:\\\/\\\/secure.gravatar.com\\\/avatar\\\/00a1d182a20a59067af1e7b1c31cbcc3be1a456ee4b27746580e120c2582e5bd?s=96&d=mm&r=g\",\"caption\":\"Sonja Babi\u0107\"},\"url\":\"https:\\\/\\\/spriv.vojvodina.gov.rs\\\/rs\\\/author\\\/sonja-babic\\\/\"}]}<\/script>\n<!-- \/ Yoast SEO plugin. -->","yoast_head_json":{"title":"Povodom Me\u0111unarodnog dana osoba sa invaliditetom - 3. decembar - \u041f\u043e\u043a\u0440\u0430\u0458\u0438\u043d\u0441\u043a\u0438 \u0441\u0435\u043a\u0440\u0435\u0442\u0430\u0440\u0438\u0458\u0430\u0442 \u0437\u0430 \u043f\u0440\u0438\u0432\u0440\u0435\u0434\u0443 \u0438 \u0442\u0443\u0440\u0438\u0437\u0430\u043c","robots":{"index":"index","follow":"follow","max-snippet":"max-snippet:-1","max-image-preview":"max-image-preview:large","max-video-preview":"max-video-preview:-1"},"canonical":"https:\/\/spriv.vojvodina.gov.rs\/rs\/povodom-medunarodnog-dana-osoba-sa-invaliditetom-3-decembar\/","og_locale":"sr_RS","og_type":"article","og_title":"Povodom Me\u0111unarodnog dana osoba sa invaliditetom - 3. decembar - \u041f\u043e\u043a\u0440\u0430\u0458\u0438\u043d\u0441\u043a\u0438 \u0441\u0435\u043a\u0440\u0435\u0442\u0430\u0440\u0438\u0458\u0430\u0442 \u0437\u0430 \u043f\u0440\u0438\u0432\u0440\u0435\u0434\u0443 \u0438 \u0442\u0443\u0440\u0438\u0437\u0430\u043c","og_description":"Novi Sad, 2. decembar 2015. - Invaliditet, kao dru\u0161tvena pojava, nema tendenciju smanjenja i pa\u017enja prema ovoj ciljnoj grupi \u0107e biti aktuelna i u budu\u0107nosti. Podaci UN govore o porastu broja osoba koje \u017eive sa invaliditetom koji je, sa jedne strane uslovljen napretkom medicine i tehnologije, a sa druge strane, produ\u017eenjem ljudskog veka, saobra\u0107ajnim i drugim nesre\u0107ama, bolestima, zloupotrebom supstanci i sli\u010dno. Problem invaliditeta zato nije samo stvar pojedinca, ve\u0107 ideolo\u0161ko pitanje koje zahteva dru\u0161tvenu promenu, kao i politi\u010dko pitanje povezano sa ljudskim pravima.","og_url":"https:\/\/spriv.vojvodina.gov.rs\/povodom-medunarodnog-dana-osoba-sa-invaliditetom-3-decembar\/","og_site_name":"\u041f\u043e\u043a\u0440\u0430\u0458\u0438\u043d\u0441\u043a\u0438 \u0441\u0435\u043a\u0440\u0435\u0442\u0430\u0440\u0438\u0458\u0430\u0442 \u0437\u0430 \u043f\u0440\u0438\u0432\u0440\u0435\u0434\u0443 \u0438 \u0442\u0443\u0440\u0438\u0437\u0430\u043c","article_published_time":"2015-12-02T12:07:32+00:00","og_image":[{"width":120,"height":80,"url":"https:\/\/spriv.vojvodina.gov.rs\/wp-content\/uploads\/2015\/12\/equality-and-diversity3_mala.jpg","type":"image\/jpeg"}],"author":"Sonja Babi\u0107","twitter_card":"summary_large_image","twitter_misc":{"\u041d\u0430\u043f\u0438\u0441\u0430\u043d\u043e \u043e\u0434":"Sonja Babi\u0107","\u041f\u0440\u043e\u0446\u0435\u045a\u0435\u043d\u043e \u0432\u0440\u0435\u043c\u0435 \u0447\u0438\u0442\u0430\u045a\u0430":"5 \u043c\u0438\u043d\u0443\u0442\u0430"},"schema":{"@context":"https:\/\/schema.org","@graph":[{"@type":"Article","@id":"https:\/\/spriv.vojvodina.gov.rs\/povodom-medunarodnog-dana-osoba-sa-invaliditetom-3-decembar\/#article","isPartOf":{"@id":"https:\/\/spriv.vojvodina.gov.rs\/povodom-medunarodnog-dana-osoba-sa-invaliditetom-3-decembar\/"},"author":{"name":"Sonja Babi\u0107","@id":"https:\/\/spriv.vojvodina.gov.rs\/#\/schema\/person\/749ef4f57fbb458f1c759e7a4fa78485"},"headline":"Povodom Me\u0111unarodnog dana osoba sa invaliditetom &#8211; 3. decembar","datePublished":"2015-12-02T12:07:32+00:00","mainEntityOfPage":{"@id":"https:\/\/spriv.vojvodina.gov.rs\/povodom-medunarodnog-dana-osoba-sa-invaliditetom-3-decembar\/"},"wordCount":951,"image":{"@id":"https:\/\/spriv.vojvodina.gov.rs\/povodom-medunarodnog-dana-osoba-sa-invaliditetom-3-decembar\/#primaryimage"},"thumbnailUrl":"https:\/\/spriv.vojvodina.gov.rs\/wp-content\/uploads\/2015\/12\/equality-and-diversity3_mala.jpg","articleSection":["Vesti Latinica"],"inLanguage":"sr-RS"},{"@type":"WebPage","@id":"https:\/\/spriv.vojvodina.gov.rs\/povodom-medunarodnog-dana-osoba-sa-invaliditetom-3-decembar\/","url":"https:\/\/spriv.vojvodina.gov.rs\/povodom-medunarodnog-dana-osoba-sa-invaliditetom-3-decembar\/","name":"Povodom Me\u0111unarodnog dana osoba sa invaliditetom - 3. decembar - \u041f\u043e\u043a\u0440\u0430\u0458\u0438\u043d\u0441\u043a\u0438 \u0441\u0435\u043a\u0440\u0435\u0442\u0430\u0440\u0438\u0458\u0430\u0442 \u0437\u0430 \u043f\u0440\u0438\u0432\u0440\u0435\u0434\u0443 \u0438 \u0442\u0443\u0440\u0438\u0437\u0430\u043c","isPartOf":{"@id":"https:\/\/spriv.vojvodina.gov.rs\/#website"},"primaryImageOfPage":{"@id":"https:\/\/spriv.vojvodina.gov.rs\/povodom-medunarodnog-dana-osoba-sa-invaliditetom-3-decembar\/#primaryimage"},"image":{"@id":"https:\/\/spriv.vojvodina.gov.rs\/povodom-medunarodnog-dana-osoba-sa-invaliditetom-3-decembar\/#primaryimage"},"thumbnailUrl":"https:\/\/spriv.vojvodina.gov.rs\/wp-content\/uploads\/2015\/12\/equality-and-diversity3_mala.jpg","datePublished":"2015-12-02T12:07:32+00:00","author":{"@id":"https:\/\/spriv.vojvodina.gov.rs\/#\/schema\/person\/749ef4f57fbb458f1c759e7a4fa78485"},"breadcrumb":{"@id":"https:\/\/spriv.vojvodina.gov.rs\/povodom-medunarodnog-dana-osoba-sa-invaliditetom-3-decembar\/#breadcrumb"},"inLanguage":"sr-RS","potentialAction":[{"@type":"ReadAction","target":["https:\/\/spriv.vojvodina.gov.rs\/povodom-medunarodnog-dana-osoba-sa-invaliditetom-3-decembar\/"]}]},{"@type":"ImageObject","inLanguage":"sr-RS","@id":"https:\/\/spriv.vojvodina.gov.rs\/povodom-medunarodnog-dana-osoba-sa-invaliditetom-3-decembar\/#primaryimage","url":"https:\/\/spriv.vojvodina.gov.rs\/wp-content\/uploads\/2015\/12\/equality-and-diversity3_mala.jpg","contentUrl":"https:\/\/spriv.vojvodina.gov.rs\/wp-content\/uploads\/2015\/12\/equality-and-diversity3_mala.jpg","width":120,"height":80},{"@type":"BreadcrumbList","@id":"https:\/\/spriv.vojvodina.gov.rs\/povodom-medunarodnog-dana-osoba-sa-invaliditetom-3-decembar\/#breadcrumb","itemListElement":[{"@type":"ListItem","position":1,"name":"Home","item":"https:\/\/spriv.vojvodina.gov.rs\/"},{"@type":"ListItem","position":2,"name":"Povodom Me\u0111unarodnog dana osoba sa invaliditetom &#8211; 3. decembar"}]},{"@type":"WebSite","@id":"https:\/\/spriv.vojvodina.gov.rs\/#website","url":"https:\/\/spriv.vojvodina.gov.rs\/","name":"\u041f\u043e\u043a\u0440\u0430\u0458\u0438\u043d\u0441\u043a\u0438 \u0441\u0435\u043a\u0440\u0435\u0442\u0430\u0440\u0438\u0458\u0430\u0442 \u0437\u0430 \u043f\u0440\u0438\u0432\u0440\u0435\u0434\u0443 \u0438 \u0442\u0443\u0440\u0438\u0437\u0430\u043c","description":"\u041f\u043e\u043a\u0440\u0430\u0458\u0438\u043d\u0441\u043a\u0438 \u0441\u0435\u043a\u0440\u0435\u0442\u0430\u0440\u0438\u0458\u0430\u0442 \u0437\u0430 \u043f\u0440\u0438\u0432\u0440\u0435\u0434\u0443 \u0438 \u0442\u0443\u0440\u0438\u0437\u0430\u043c","potentialAction":[{"@type":"SearchAction","target":{"@type":"EntryPoint","urlTemplate":"https:\/\/spriv.vojvodina.gov.rs\/?s={search_term_string}"},"query-input":{"@type":"PropertyValueSpecification","valueRequired":true,"valueName":"search_term_string"}}],"inLanguage":"sr-RS"},{"@type":"Person","@id":"https:\/\/spriv.vojvodina.gov.rs\/#\/schema\/person\/749ef4f57fbb458f1c759e7a4fa78485","name":"Sonja Babi\u0107","image":{"@type":"ImageObject","inLanguage":"sr-RS","@id":"https:\/\/secure.gravatar.com\/avatar\/00a1d182a20a59067af1e7b1c31cbcc3be1a456ee4b27746580e120c2582e5bd?s=96&d=mm&r=g","url":"https:\/\/secure.gravatar.com\/avatar\/00a1d182a20a59067af1e7b1c31cbcc3be1a456ee4b27746580e120c2582e5bd?s=96&d=mm&r=g","contentUrl":"https:\/\/secure.gravatar.com\/avatar\/00a1d182a20a59067af1e7b1c31cbcc3be1a456ee4b27746580e120c2582e5bd?s=96&d=mm&r=g","caption":"Sonja Babi\u0107"},"url":"https:\/\/spriv.vojvodina.gov.rs\/rs\/author\/sonja-babic\/"}]}},"_links":{"self":[{"href":"https:\/\/spriv.vojvodina.gov.rs\/rs\/wp-json\/wp\/v2\/posts\/1240","targetHints":{"allow":["GET"]}}],"collection":[{"href":"https:\/\/spriv.vojvodina.gov.rs\/rs\/wp-json\/wp\/v2\/posts"}],"about":[{"href":"https:\/\/spriv.vojvodina.gov.rs\/rs\/wp-json\/wp\/v2\/types\/post"}],"author":[{"embeddable":true,"href":"https:\/\/spriv.vojvodina.gov.rs\/rs\/wp-json\/wp\/v2\/users\/3"}],"replies":[{"embeddable":true,"href":"https:\/\/spriv.vojvodina.gov.rs\/rs\/wp-json\/wp\/v2\/comments?post=1240"}],"version-history":[{"count":0,"href":"https:\/\/spriv.vojvodina.gov.rs\/rs\/wp-json\/wp\/v2\/posts\/1240\/revisions"}],"wp:featuredmedia":[{"embeddable":true,"href":"https:\/\/spriv.vojvodina.gov.rs\/rs\/wp-json\/wp\/v2\/media\/1237"}],"wp:attachment":[{"href":"https:\/\/spriv.vojvodina.gov.rs\/rs\/wp-json\/wp\/v2\/media?parent=1240"}],"wp:term":[{"taxonomy":"category","embeddable":true,"href":"https:\/\/spriv.vojvodina.gov.rs\/rs\/wp-json\/wp\/v2\/categories?post=1240"},{"taxonomy":"post_tag","embeddable":true,"href":"https:\/\/spriv.vojvodina.gov.rs\/rs\/wp-json\/wp\/v2\/tags?post=1240"}],"curies":[{"name":"wp","href":"https:\/\/api.w.org\/{rel}","templated":true}]}}