{"id":1236,"date":"2015-11-28T10:16:46","date_gmt":"2015-11-28T10:16:46","guid":{"rendered":"http:\/\/spriv.vojvodina.gov.rs\/2015\/11\/28\/vasin-na-ii-medunarodnom-kongresu-studenata-turizma-i-hotelijerstva-mekst2015-turizam-ne-trpi-granice\/"},"modified":"2015-11-28T10:16:46","modified_gmt":"2015-11-28T10:16:46","slug":"vasin-na-ii-medunarodnom-kongresu-studenata-turizma-i-hotelijerstva-mekst2015-turizam-ne-trpi-granice","status":"publish","type":"post","link":"https:\/\/spriv.vojvodina.gov.rs\/rs\/vasin-na-ii-medunarodnom-kongresu-studenata-turizma-i-hotelijerstva-mekst2015-turizam-ne-trpi-granice\/","title":{"rendered":"Vasin na II Me\u0111unarodnom kongresu studenata turizma i hotelijerstva ,,#MEKST2015\u201c: Turizam ne trpi granice"},"content":{"rendered":"<p style=\"text-align: center;\">\u00a0<strong><img loading=\"lazy\" decoding=\"async\" class=\" size-full wp-image-1229\" src=\"http:\/\/spriv.vojvodina.gov.rs\/wp-content\/uploads\/2015\/11\/28112015_turizam_61.jpg\" border=\"0\" alt=\"\" width=\"580\" height=\"435\" srcset=\"https:\/\/spriv.vojvodina.gov.rs\/wp-content\/uploads\/2015\/11\/28112015_turizam_61.jpg 580w, https:\/\/spriv.vojvodina.gov.rs\/wp-content\/uploads\/2015\/11\/28112015_turizam_61-300x225.jpg 300w\" sizes=\"auto, (max-width: 580px) 100vw, 580px\" \/><\/strong><\/p>\n<p style=\"text-align: justify;\">Skup\u0161tina AP Vojvodine bila je ju\u010de mesto na kom su se okupili studenti turizmologije i hotelijerstva iz \u010dak 11 zemalja sveta. II Me\u0111unarodni kongres studenata turizma i hotelijerstva ,,#MEKST2015\u201c ove godine okuplja preko 600 studenata koji \u0107e svojim prisustvom i u\u010de\u0161\u0107em tri naredna dana, kao i razgovorima sa donosiocima odluka i zainteresovanim stranama, nastojati da pozitivno uti\u010du na dalji razvoj ove zna\u010dajne privredne grane. Pokrovitelj Kongresa je Pokrajinska vlada, te se potpredsednik Pokrajinske vlade i pokrajinski sekretar za privredu, zapo\u0161ljavanje i ravnopravnost polova Miroslav Vasin na samom otvaranju obratio prisutnima. Kongresu su prisustvovali i dali svoj doprinos brojni doma\u0107i i strani stru\u010dnjaci iz oblasti turizma, ugostiteljstva i hotelijerstva.<\/p>\n<p style=\"text-align: center;\"><img loading=\"lazy\" decoding=\"async\" class=\" size-full wp-image-1230\" src=\"http:\/\/spriv.vojvodina.gov.rs\/wp-content\/uploads\/2015\/11\/28112015_turizam_1.jpg\" border=\"0\" alt=\"\" width=\"580\" height=\"387\" srcset=\"https:\/\/spriv.vojvodina.gov.rs\/wp-content\/uploads\/2015\/11\/28112015_turizam_1.jpg 580w, https:\/\/spriv.vojvodina.gov.rs\/wp-content\/uploads\/2015\/11\/28112015_turizam_1-300x200.jpg 300w\" sizes=\"auto, (max-width: 580px) 100vw, 580px\" \/><\/p>\n<p style=\"text-align: justify;\">II Me\u0111unarodni kongres studenata turizma i hotelijerstva ,,#MEKST2015\u201c bi\u0107e odr\u017ean u Novom Sadu, u periodu od 27. do 29. novembra, u organizaciji udru\u017eenja ,,Fortuns\u201d, a u saradnji sa Me\u0111unarodnom asocijacijom studenata turizma i hotelijerstva (IASTH) i Prirodno \u2013 matemati\u010dkim fakultetom UNS. Ovaj doga\u0111aj je pro\u0161le godine okupio preko 400 studenata, dok se ove godine se o\u010dekuje poseta vi\u0161e od 600 studenata iz 11 zemalja jugoisto\u010dne Evrope, ali i sveta.<\/p>\n<p style=\"text-align: center;\"><img loading=\"lazy\" decoding=\"async\" class=\" size-full wp-image-1231\" src=\"http:\/\/spriv.vojvodina.gov.rs\/wp-content\/uploads\/2015\/11\/28112015_turizam_2.jpg\" border=\"0\" alt=\"\" width=\"580\" height=\"387\" srcset=\"https:\/\/spriv.vojvodina.gov.rs\/wp-content\/uploads\/2015\/11\/28112015_turizam_2.jpg 580w, https:\/\/spriv.vojvodina.gov.rs\/wp-content\/uploads\/2015\/11\/28112015_turizam_2-300x200.jpg 300w\" sizes=\"auto, (max-width: 580px) 100vw, 580px\" \/><\/p>\n<p style=\"text-align: justify;\">Sama \u010dinjenica da se ovakav kongres, me\u0111unarodnog karaktera, organizuje upravo u Novom Sadu, mnogo govori o tome koliko su kulturolo\u0161ke, obrazovne i umetni\u010dke manifestacije va\u017ene za sam Grad, njegov uticaj i zna\u010daj.<br \/>,,Pokrajinska vlada po drugi put podr\u017eava okupljanje studenata turizma iz zemalja kako regije, tako i Evrope, i sveta, te nam je veoma drago \u0161to je cilj manifestacije okupljanje i zbli\u017eavanje mladih ljudi. Kongres doprinosi da se kroz razmenu iskustava studenti suo\u010de i sa nedostacima u programima. Oblast turizma ne trpi granice. Turizam je multidisciplinarna oblast koja zahteva neprekidne susrete, da ljudi ne prave razliku na osnovu granica izme\u0111u dr\u017eava, naprotiv. Turisti\u010dka ponuda uvek mora da sadr\u017ei sve neophodne elemente kako bi bila potpuna\u201c, istakao je Vasin, dodav\u0161i da \u0107e iskustvo sa ovog kongresa sasvim izvesno pobolj\u0161ati i unaprediti izvanredan rezultat koji AP Vojvodina u oblasti turizma ostavruje ve\u0107 nekoliko godina za redom, sa rastu\u0107im trendom.<\/p>\n<p style=\"text-align: center;\"><img loading=\"lazy\" decoding=\"async\" class=\" size-full wp-image-1232\" src=\"http:\/\/spriv.vojvodina.gov.rs\/wp-content\/uploads\/2015\/11\/28112015_turizam_4.jpg\" border=\"0\" alt=\"\" width=\"580\" height=\"387\" srcset=\"https:\/\/spriv.vojvodina.gov.rs\/wp-content\/uploads\/2015\/11\/28112015_turizam_4.jpg 580w, https:\/\/spriv.vojvodina.gov.rs\/wp-content\/uploads\/2015\/11\/28112015_turizam_4-300x200.jpg 300w\" sizes=\"auto, (max-width: 580px) 100vw, 580px\" \/><\/p>\n<p style=\"text-align: justify;\">U\u010desnici \u0107e pored predavanja imati priliku da upoznaju kulturno istorijske znamenitosti Grada Novog Sada. Teme ovogodi\u0161njeg MEKST-a su omladinski turizam, kulturni turizam, EU projekti i informaciono-komunikacione tehnologije u turizmu.<\/p>\n<p style=\"text-align: center;\"><img loading=\"lazy\" decoding=\"async\" class=\" size-full wp-image-1233\" src=\"http:\/\/spriv.vojvodina.gov.rs\/wp-content\/uploads\/2015\/11\/28112015_turizam_5.jpg\" border=\"0\" alt=\"\" width=\"580\" height=\"387\" srcset=\"https:\/\/spriv.vojvodina.gov.rs\/wp-content\/uploads\/2015\/11\/28112015_turizam_5.jpg 580w, https:\/\/spriv.vojvodina.gov.rs\/wp-content\/uploads\/2015\/11\/28112015_turizam_5-300x200.jpg 300w\" sizes=\"auto, (max-width: 580px) 100vw, 580px\" \/><\/p>\n<p style=\"text-align: center;\"><img loading=\"lazy\" decoding=\"async\" class=\" size-full wp-image-1234\" src=\"http:\/\/spriv.vojvodina.gov.rs\/wp-content\/uploads\/2015\/11\/28112015_turizam_77.jpg\" border=\"0\" alt=\"\" width=\"580\" height=\"435\" srcset=\"https:\/\/spriv.vojvodina.gov.rs\/wp-content\/uploads\/2015\/11\/28112015_turizam_77.jpg 580w, https:\/\/spriv.vojvodina.gov.rs\/wp-content\/uploads\/2015\/11\/28112015_turizam_77-300x225.jpg 300w\" sizes=\"auto, (max-width: 580px) 100vw, 580px\" \/><\/p>\n","protected":false},"excerpt":{"rendered":"Novi Sad, 28. novembar 2015. &#8211; Skup\u0161tina AP Vojvodine bila je ju\u010de mesto na kom su se okupili studenti turizmologije i hotelijerstva iz \u010dak 11 zemalja sveta. II Me\u0111unarodni kongres studenata turizma i hotelijerstva ,,#MEKST2015\u201c ove godine okuplja preko 600 studenata koji \u0107e svojim prisustvom i u\u010de\u0161\u0107em tri naredna dana, kao i razgovorima sa donosiocima odluka i zainteresovanim stranama, nastojati da pozitivno uti\u010du na dalji razvoj ove zna\u010dajne privredne grane. Pokrovitelj Kongresa je Pokrajinska vlada, te se potpredsednik Pokrajinske vlade i pokrajinski sekretar za privredu, zapo\u0161ljavanje i ravnopravnost polova Miroslav Vasin na samom otvaranju obratio prisutnima. Kongresu su prisustvovali i dali svoj doprinos brojni doma\u0107i i strani stru\u010dnjaci iz oblasti turizma, ugostiteljstva i hotelijerstva.\n<a class=\"moretag\" href=\"https:\/\/spriv.vojvodina.gov.rs\/rs\/vasin-na-ii-medunarodnom-kongresu-studenata-turizma-i-hotelijerstva-mekst2015-turizam-ne-trpi-granice\/\"> [...]<\/a>","protected":false},"author":3,"featured_media":1228,"comment_status":"closed","ping_status":"closed","sticky":false,"template":"","format":"standard","meta":{"footnotes":""},"categories":[31],"tags":[],"class_list":["post-1236","post","type-post","status-publish","format-standard","has-post-thumbnail","hentry","category-vesti-latinica1"],"yoast_head":"<!-- This site is optimized with the Yoast SEO plugin v27.4 - https:\/\/yoast.com\/product\/yoast-seo-wordpress\/ -->\n<title>Vasin na II Me\u0111unarodnom kongresu studenata turizma i hotelijerstva ,,#MEKST2015\u201c: Turizam ne trpi granice - \u041f\u043e\u043a\u0440\u0430\u0458\u0438\u043d\u0441\u043a\u0438 \u0441\u0435\u043a\u0440\u0435\u0442\u0430\u0440\u0438\u0458\u0430\u0442 \u0437\u0430 \u043f\u0440\u0438\u0432\u0440\u0435\u0434\u0443 \u0438 \u0442\u0443\u0440\u0438\u0437\u0430\u043c<\/title>\n<meta name=\"robots\" content=\"index, follow, max-snippet:-1, max-image-preview:large, max-video-preview:-1\" \/>\n<link rel=\"canonical\" href=\"https:\/\/spriv.vojvodina.gov.rs\/rs\/vasin-na-ii-medunarodnom-kongresu-studenata-turizma-i-hotelijerstva-mekst2015-turizam-ne-trpi-granice\/\" \/>\n<meta property=\"og:locale\" content=\"sr_RS\" \/>\n<meta property=\"og:type\" content=\"article\" \/>\n<meta property=\"og:title\" content=\"Vasin na II Me\u0111unarodnom kongresu studenata turizma i hotelijerstva ,,#MEKST2015\u201c: Turizam ne trpi granice - \u041f\u043e\u043a\u0440\u0430\u0458\u0438\u043d\u0441\u043a\u0438 \u0441\u0435\u043a\u0440\u0435\u0442\u0430\u0440\u0438\u0458\u0430\u0442 \u0437\u0430 \u043f\u0440\u0438\u0432\u0440\u0435\u0434\u0443 \u0438 \u0442\u0443\u0440\u0438\u0437\u0430\u043c\" \/>\n<meta property=\"og:description\" content=\"Novi Sad, 28. novembar 2015. - Skup\u0161tina AP Vojvodine bila je ju\u010de mesto na kom su se okupili studenti turizmologije i hotelijerstva iz \u010dak 11 zemalja sveta. II Me\u0111unarodni kongres studenata turizma i hotelijerstva ,,#MEKST2015\u201c ove godine okuplja preko 600 studenata koji \u0107e svojim prisustvom i u\u010de\u0161\u0107em tri naredna dana, kao i razgovorima sa donosiocima odluka i zainteresovanim stranama, nastojati da pozitivno uti\u010du na dalji razvoj ove zna\u010dajne privredne grane. Pokrovitelj Kongresa je Pokrajinska vlada, te se potpredsednik Pokrajinske vlade i pokrajinski sekretar za privredu, zapo\u0161ljavanje i ravnopravnost polova Miroslav Vasin na samom otvaranju obratio prisutnima. Kongresu su prisustvovali i dali svoj doprinos brojni doma\u0107i i strani stru\u010dnjaci iz oblasti turizma, ugostiteljstva i hotelijerstva.\" \/>\n<meta property=\"og:url\" content=\"https:\/\/spriv.vojvodina.gov.rs\/rs\/vasin-na-ii-medunarodnom-kongresu-studenata-turizma-i-hotelijerstva-mekst2015-turizam-ne-trpi-granice\/\" \/>\n<meta property=\"og:site_name\" content=\"\u041f\u043e\u043a\u0440\u0430\u0458\u0438\u043d\u0441\u043a\u0438 \u0441\u0435\u043a\u0440\u0435\u0442\u0430\u0440\u0438\u0458\u0430\u0442 \u0437\u0430 \u043f\u0440\u0438\u0432\u0440\u0435\u0434\u0443 \u0438 \u0442\u0443\u0440\u0438\u0437\u0430\u043c\" \/>\n<meta property=\"article:published_time\" content=\"2015-11-28T10:16:46+00:00\" \/>\n<meta property=\"og:image\" content=\"https:\/\/spriv.vojvodina.gov.rs\/wp-content\/uploads\/2015\/11\/28112015_turizam_mala.jpg\" \/>\n\t<meta property=\"og:image:width\" content=\"120\" \/>\n\t<meta property=\"og:image:height\" content=\"80\" \/>\n\t<meta property=\"og:image:type\" content=\"image\/jpeg\" \/>\n<meta name=\"author\" content=\"Sonja Babi\u0107\" \/>\n<meta name=\"twitter:card\" content=\"summary_large_image\" \/>\n<meta name=\"twitter:label1\" content=\"\u041d\u0430\u043f\u0438\u0441\u0430\u043d\u043e \u043e\u0434\" \/>\n\t<meta name=\"twitter:data1\" content=\"Sonja Babi\u0107\" \/>\n\t<meta name=\"twitter:label2\" content=\"\u041f\u0440\u043e\u0446\u0435\u045a\u0435\u043d\u043e \u0432\u0440\u0435\u043c\u0435 \u0447\u0438\u0442\u0430\u045a\u0430\" \/>\n\t<meta name=\"twitter:data2\" content=\"2 \u043c\u0438\u043d\u0443\u0442\u0430\" \/>\n<script type=\"application\/ld+json\" class=\"yoast-schema-graph\">{\"@context\":\"https:\\\/\\\/schema.org\",\"@graph\":[{\"@type\":\"Article\",\"@id\":\"https:\\\/\\\/spriv.vojvodina.gov.rs\\\/rs\\\/vasin-na-ii-medunarodnom-kongresu-studenata-turizma-i-hotelijerstva-mekst2015-turizam-ne-trpi-granice\\\/#article\",\"isPartOf\":{\"@id\":\"https:\\\/\\\/spriv.vojvodina.gov.rs\\\/rs\\\/vasin-na-ii-medunarodnom-kongresu-studenata-turizma-i-hotelijerstva-mekst2015-turizam-ne-trpi-granice\\\/\"},\"author\":{\"name\":\"Sonja Babi\u0107\",\"@id\":\"https:\\\/\\\/spriv.vojvodina.gov.rs\\\/#\\\/schema\\\/person\\\/749ef4f57fbb458f1c759e7a4fa78485\"},\"headline\":\"Vasin na II Me\u0111unarodnom kongresu studenata turizma i hotelijerstva ,,#MEKST2015\u201c: Turizam ne trpi granice\",\"datePublished\":\"2015-11-28T10:16:46+00:00\",\"mainEntityOfPage\":{\"@id\":\"https:\\\/\\\/spriv.vojvodina.gov.rs\\\/rs\\\/vasin-na-ii-medunarodnom-kongresu-studenata-turizma-i-hotelijerstva-mekst2015-turizam-ne-trpi-granice\\\/\"},\"wordCount\":398,\"image\":{\"@id\":\"https:\\\/\\\/spriv.vojvodina.gov.rs\\\/rs\\\/vasin-na-ii-medunarodnom-kongresu-studenata-turizma-i-hotelijerstva-mekst2015-turizam-ne-trpi-granice\\\/#primaryimage\"},\"thumbnailUrl\":\"https:\\\/\\\/spriv.vojvodina.gov.rs\\\/wp-content\\\/uploads\\\/2015\\\/11\\\/28112015_turizam_mala.jpg\",\"articleSection\":[\"Vesti Latinica\"],\"inLanguage\":\"sr-RS\"},{\"@type\":\"WebPage\",\"@id\":\"https:\\\/\\\/spriv.vojvodina.gov.rs\\\/rs\\\/vasin-na-ii-medunarodnom-kongresu-studenata-turizma-i-hotelijerstva-mekst2015-turizam-ne-trpi-granice\\\/\",\"url\":\"https:\\\/\\\/spriv.vojvodina.gov.rs\\\/rs\\\/vasin-na-ii-medunarodnom-kongresu-studenata-turizma-i-hotelijerstva-mekst2015-turizam-ne-trpi-granice\\\/\",\"name\":\"Vasin na II Me\u0111unarodnom kongresu studenata turizma i hotelijerstva ,,#MEKST2015\u201c: Turizam ne trpi granice - \u041f\u043e\u043a\u0440\u0430\u0458\u0438\u043d\u0441\u043a\u0438 \u0441\u0435\u043a\u0440\u0435\u0442\u0430\u0440\u0438\u0458\u0430\u0442 \u0437\u0430 \u043f\u0440\u0438\u0432\u0440\u0435\u0434\u0443 \u0438 \u0442\u0443\u0440\u0438\u0437\u0430\u043c\",\"isPartOf\":{\"@id\":\"https:\\\/\\\/spriv.vojvodina.gov.rs\\\/#website\"},\"primaryImageOfPage\":{\"@id\":\"https:\\\/\\\/spriv.vojvodina.gov.rs\\\/rs\\\/vasin-na-ii-medunarodnom-kongresu-studenata-turizma-i-hotelijerstva-mekst2015-turizam-ne-trpi-granice\\\/#primaryimage\"},\"image\":{\"@id\":\"https:\\\/\\\/spriv.vojvodina.gov.rs\\\/rs\\\/vasin-na-ii-medunarodnom-kongresu-studenata-turizma-i-hotelijerstva-mekst2015-turizam-ne-trpi-granice\\\/#primaryimage\"},\"thumbnailUrl\":\"https:\\\/\\\/spriv.vojvodina.gov.rs\\\/wp-content\\\/uploads\\\/2015\\\/11\\\/28112015_turizam_mala.jpg\",\"datePublished\":\"2015-11-28T10:16:46+00:00\",\"author\":{\"@id\":\"https:\\\/\\\/spriv.vojvodina.gov.rs\\\/#\\\/schema\\\/person\\\/749ef4f57fbb458f1c759e7a4fa78485\"},\"breadcrumb\":{\"@id\":\"https:\\\/\\\/spriv.vojvodina.gov.rs\\\/rs\\\/vasin-na-ii-medunarodnom-kongresu-studenata-turizma-i-hotelijerstva-mekst2015-turizam-ne-trpi-granice\\\/#breadcrumb\"},\"inLanguage\":\"sr-RS\",\"potentialAction\":[{\"@type\":\"ReadAction\",\"target\":[\"https:\\\/\\\/spriv.vojvodina.gov.rs\\\/rs\\\/vasin-na-ii-medunarodnom-kongresu-studenata-turizma-i-hotelijerstva-mekst2015-turizam-ne-trpi-granice\\\/\"]}]},{\"@type\":\"ImageObject\",\"inLanguage\":\"sr-RS\",\"@id\":\"https:\\\/\\\/spriv.vojvodina.gov.rs\\\/rs\\\/vasin-na-ii-medunarodnom-kongresu-studenata-turizma-i-hotelijerstva-mekst2015-turizam-ne-trpi-granice\\\/#primaryimage\",\"url\":\"https:\\\/\\\/spriv.vojvodina.gov.rs\\\/wp-content\\\/uploads\\\/2015\\\/11\\\/28112015_turizam_mala.jpg\",\"contentUrl\":\"https:\\\/\\\/spriv.vojvodina.gov.rs\\\/wp-content\\\/uploads\\\/2015\\\/11\\\/28112015_turizam_mala.jpg\",\"width\":120,\"height\":80},{\"@type\":\"BreadcrumbList\",\"@id\":\"https:\\\/\\\/spriv.vojvodina.gov.rs\\\/rs\\\/vasin-na-ii-medunarodnom-kongresu-studenata-turizma-i-hotelijerstva-mekst2015-turizam-ne-trpi-granice\\\/#breadcrumb\",\"itemListElement\":[{\"@type\":\"ListItem\",\"position\":1,\"name\":\"Home\",\"item\":\"https:\\\/\\\/spriv.vojvodina.gov.rs\\\/\"},{\"@type\":\"ListItem\",\"position\":2,\"name\":\"Vasin na II Me\u0111unarodnom kongresu studenata turizma i hotelijerstva ,,#MEKST2015\u201c: Turizam ne trpi granice\"}]},{\"@type\":\"WebSite\",\"@id\":\"https:\\\/\\\/spriv.vojvodina.gov.rs\\\/#website\",\"url\":\"https:\\\/\\\/spriv.vojvodina.gov.rs\\\/\",\"name\":\"\u041f\u043e\u043a\u0440\u0430\u0458\u0438\u043d\u0441\u043a\u0438 \u0441\u0435\u043a\u0440\u0435\u0442\u0430\u0440\u0438\u0458\u0430\u0442 \u0437\u0430 \u043f\u0440\u0438\u0432\u0440\u0435\u0434\u0443 \u0438 \u0442\u0443\u0440\u0438\u0437\u0430\u043c\",\"description\":\"\u041f\u043e\u043a\u0440\u0430\u0458\u0438\u043d\u0441\u043a\u0438 \u0441\u0435\u043a\u0440\u0435\u0442\u0430\u0440\u0438\u0458\u0430\u0442 \u0437\u0430 \u043f\u0440\u0438\u0432\u0440\u0435\u0434\u0443 \u0438 \u0442\u0443\u0440\u0438\u0437\u0430\u043c\",\"potentialAction\":[{\"@type\":\"SearchAction\",\"target\":{\"@type\":\"EntryPoint\",\"urlTemplate\":\"https:\\\/\\\/spriv.vojvodina.gov.rs\\\/?s={search_term_string}\"},\"query-input\":{\"@type\":\"PropertyValueSpecification\",\"valueRequired\":true,\"valueName\":\"search_term_string\"}}],\"inLanguage\":\"sr-RS\"},{\"@type\":\"Person\",\"@id\":\"https:\\\/\\\/spriv.vojvodina.gov.rs\\\/#\\\/schema\\\/person\\\/749ef4f57fbb458f1c759e7a4fa78485\",\"name\":\"Sonja Babi\u0107\",\"image\":{\"@type\":\"ImageObject\",\"inLanguage\":\"sr-RS\",\"@id\":\"https:\\\/\\\/secure.gravatar.com\\\/avatar\\\/00a1d182a20a59067af1e7b1c31cbcc3be1a456ee4b27746580e120c2582e5bd?s=96&d=mm&r=g\",\"url\":\"https:\\\/\\\/secure.gravatar.com\\\/avatar\\\/00a1d182a20a59067af1e7b1c31cbcc3be1a456ee4b27746580e120c2582e5bd?s=96&d=mm&r=g\",\"contentUrl\":\"https:\\\/\\\/secure.gravatar.com\\\/avatar\\\/00a1d182a20a59067af1e7b1c31cbcc3be1a456ee4b27746580e120c2582e5bd?s=96&d=mm&r=g\",\"caption\":\"Sonja Babi\u0107\"},\"url\":\"https:\\\/\\\/spriv.vojvodina.gov.rs\\\/rs\\\/author\\\/sonja-babic\\\/\"}]}<\/script>\n<!-- \/ Yoast SEO plugin. -->","yoast_head_json":{"title":"Vasin na II Me\u0111unarodnom kongresu studenata turizma i hotelijerstva ,,#MEKST2015\u201c: Turizam ne trpi granice - \u041f\u043e\u043a\u0440\u0430\u0458\u0438\u043d\u0441\u043a\u0438 \u0441\u0435\u043a\u0440\u0435\u0442\u0430\u0440\u0438\u0458\u0430\u0442 \u0437\u0430 \u043f\u0440\u0438\u0432\u0440\u0435\u0434\u0443 \u0438 \u0442\u0443\u0440\u0438\u0437\u0430\u043c","robots":{"index":"index","follow":"follow","max-snippet":"max-snippet:-1","max-image-preview":"max-image-preview:large","max-video-preview":"max-video-preview:-1"},"canonical":"https:\/\/spriv.vojvodina.gov.rs\/rs\/vasin-na-ii-medunarodnom-kongresu-studenata-turizma-i-hotelijerstva-mekst2015-turizam-ne-trpi-granice\/","og_locale":"sr_RS","og_type":"article","og_title":"Vasin na II Me\u0111unarodnom kongresu studenata turizma i hotelijerstva ,,#MEKST2015\u201c: Turizam ne trpi granice - \u041f\u043e\u043a\u0440\u0430\u0458\u0438\u043d\u0441\u043a\u0438 \u0441\u0435\u043a\u0440\u0435\u0442\u0430\u0440\u0438\u0458\u0430\u0442 \u0437\u0430 \u043f\u0440\u0438\u0432\u0440\u0435\u0434\u0443 \u0438 \u0442\u0443\u0440\u0438\u0437\u0430\u043c","og_description":"Novi Sad, 28. novembar 2015. - Skup\u0161tina AP Vojvodine bila je ju\u010de mesto na kom su se okupili studenti turizmologije i hotelijerstva iz \u010dak 11 zemalja sveta. II Me\u0111unarodni kongres studenata turizma i hotelijerstva ,,#MEKST2015\u201c ove godine okuplja preko 600 studenata koji \u0107e svojim prisustvom i u\u010de\u0161\u0107em tri naredna dana, kao i razgovorima sa donosiocima odluka i zainteresovanim stranama, nastojati da pozitivno uti\u010du na dalji razvoj ove zna\u010dajne privredne grane. Pokrovitelj Kongresa je Pokrajinska vlada, te se potpredsednik Pokrajinske vlade i pokrajinski sekretar za privredu, zapo\u0161ljavanje i ravnopravnost polova Miroslav Vasin na samom otvaranju obratio prisutnima. Kongresu su prisustvovali i dali svoj doprinos brojni doma\u0107i i strani stru\u010dnjaci iz oblasti turizma, ugostiteljstva i hotelijerstva.","og_url":"https:\/\/spriv.vojvodina.gov.rs\/rs\/vasin-na-ii-medunarodnom-kongresu-studenata-turizma-i-hotelijerstva-mekst2015-turizam-ne-trpi-granice\/","og_site_name":"\u041f\u043e\u043a\u0440\u0430\u0458\u0438\u043d\u0441\u043a\u0438 \u0441\u0435\u043a\u0440\u0435\u0442\u0430\u0440\u0438\u0458\u0430\u0442 \u0437\u0430 \u043f\u0440\u0438\u0432\u0440\u0435\u0434\u0443 \u0438 \u0442\u0443\u0440\u0438\u0437\u0430\u043c","article_published_time":"2015-11-28T10:16:46+00:00","og_image":[{"width":120,"height":80,"url":"https:\/\/spriv.vojvodina.gov.rs\/wp-content\/uploads\/2015\/11\/28112015_turizam_mala.jpg","type":"image\/jpeg"}],"author":"Sonja Babi\u0107","twitter_card":"summary_large_image","twitter_misc":{"\u041d\u0430\u043f\u0438\u0441\u0430\u043d\u043e \u043e\u0434":"Sonja Babi\u0107","\u041f\u0440\u043e\u0446\u0435\u045a\u0435\u043d\u043e \u0432\u0440\u0435\u043c\u0435 \u0447\u0438\u0442\u0430\u045a\u0430":"2 \u043c\u0438\u043d\u0443\u0442\u0430"},"schema":{"@context":"https:\/\/schema.org","@graph":[{"@type":"Article","@id":"https:\/\/spriv.vojvodina.gov.rs\/rs\/vasin-na-ii-medunarodnom-kongresu-studenata-turizma-i-hotelijerstva-mekst2015-turizam-ne-trpi-granice\/#article","isPartOf":{"@id":"https:\/\/spriv.vojvodina.gov.rs\/rs\/vasin-na-ii-medunarodnom-kongresu-studenata-turizma-i-hotelijerstva-mekst2015-turizam-ne-trpi-granice\/"},"author":{"name":"Sonja Babi\u0107","@id":"https:\/\/spriv.vojvodina.gov.rs\/#\/schema\/person\/749ef4f57fbb458f1c759e7a4fa78485"},"headline":"Vasin na II Me\u0111unarodnom kongresu studenata turizma i hotelijerstva ,,#MEKST2015\u201c: Turizam ne trpi granice","datePublished":"2015-11-28T10:16:46+00:00","mainEntityOfPage":{"@id":"https:\/\/spriv.vojvodina.gov.rs\/rs\/vasin-na-ii-medunarodnom-kongresu-studenata-turizma-i-hotelijerstva-mekst2015-turizam-ne-trpi-granice\/"},"wordCount":398,"image":{"@id":"https:\/\/spriv.vojvodina.gov.rs\/rs\/vasin-na-ii-medunarodnom-kongresu-studenata-turizma-i-hotelijerstva-mekst2015-turizam-ne-trpi-granice\/#primaryimage"},"thumbnailUrl":"https:\/\/spriv.vojvodina.gov.rs\/wp-content\/uploads\/2015\/11\/28112015_turizam_mala.jpg","articleSection":["Vesti Latinica"],"inLanguage":"sr-RS"},{"@type":"WebPage","@id":"https:\/\/spriv.vojvodina.gov.rs\/rs\/vasin-na-ii-medunarodnom-kongresu-studenata-turizma-i-hotelijerstva-mekst2015-turizam-ne-trpi-granice\/","url":"https:\/\/spriv.vojvodina.gov.rs\/rs\/vasin-na-ii-medunarodnom-kongresu-studenata-turizma-i-hotelijerstva-mekst2015-turizam-ne-trpi-granice\/","name":"Vasin na II Me\u0111unarodnom kongresu studenata turizma i hotelijerstva ,,#MEKST2015\u201c: Turizam ne trpi granice - \u041f\u043e\u043a\u0440\u0430\u0458\u0438\u043d\u0441\u043a\u0438 \u0441\u0435\u043a\u0440\u0435\u0442\u0430\u0440\u0438\u0458\u0430\u0442 \u0437\u0430 \u043f\u0440\u0438\u0432\u0440\u0435\u0434\u0443 \u0438 \u0442\u0443\u0440\u0438\u0437\u0430\u043c","isPartOf":{"@id":"https:\/\/spriv.vojvodina.gov.rs\/#website"},"primaryImageOfPage":{"@id":"https:\/\/spriv.vojvodina.gov.rs\/rs\/vasin-na-ii-medunarodnom-kongresu-studenata-turizma-i-hotelijerstva-mekst2015-turizam-ne-trpi-granice\/#primaryimage"},"image":{"@id":"https:\/\/spriv.vojvodina.gov.rs\/rs\/vasin-na-ii-medunarodnom-kongresu-studenata-turizma-i-hotelijerstva-mekst2015-turizam-ne-trpi-granice\/#primaryimage"},"thumbnailUrl":"https:\/\/spriv.vojvodina.gov.rs\/wp-content\/uploads\/2015\/11\/28112015_turizam_mala.jpg","datePublished":"2015-11-28T10:16:46+00:00","author":{"@id":"https:\/\/spriv.vojvodina.gov.rs\/#\/schema\/person\/749ef4f57fbb458f1c759e7a4fa78485"},"breadcrumb":{"@id":"https:\/\/spriv.vojvodina.gov.rs\/rs\/vasin-na-ii-medunarodnom-kongresu-studenata-turizma-i-hotelijerstva-mekst2015-turizam-ne-trpi-granice\/#breadcrumb"},"inLanguage":"sr-RS","potentialAction":[{"@type":"ReadAction","target":["https:\/\/spriv.vojvodina.gov.rs\/rs\/vasin-na-ii-medunarodnom-kongresu-studenata-turizma-i-hotelijerstva-mekst2015-turizam-ne-trpi-granice\/"]}]},{"@type":"ImageObject","inLanguage":"sr-RS","@id":"https:\/\/spriv.vojvodina.gov.rs\/rs\/vasin-na-ii-medunarodnom-kongresu-studenata-turizma-i-hotelijerstva-mekst2015-turizam-ne-trpi-granice\/#primaryimage","url":"https:\/\/spriv.vojvodina.gov.rs\/wp-content\/uploads\/2015\/11\/28112015_turizam_mala.jpg","contentUrl":"https:\/\/spriv.vojvodina.gov.rs\/wp-content\/uploads\/2015\/11\/28112015_turizam_mala.jpg","width":120,"height":80},{"@type":"BreadcrumbList","@id":"https:\/\/spriv.vojvodina.gov.rs\/rs\/vasin-na-ii-medunarodnom-kongresu-studenata-turizma-i-hotelijerstva-mekst2015-turizam-ne-trpi-granice\/#breadcrumb","itemListElement":[{"@type":"ListItem","position":1,"name":"Home","item":"https:\/\/spriv.vojvodina.gov.rs\/"},{"@type":"ListItem","position":2,"name":"Vasin na II Me\u0111unarodnom kongresu studenata turizma i hotelijerstva ,,#MEKST2015\u201c: Turizam ne trpi granice"}]},{"@type":"WebSite","@id":"https:\/\/spriv.vojvodina.gov.rs\/#website","url":"https:\/\/spriv.vojvodina.gov.rs\/","name":"\u041f\u043e\u043a\u0440\u0430\u0458\u0438\u043d\u0441\u043a\u0438 \u0441\u0435\u043a\u0440\u0435\u0442\u0430\u0440\u0438\u0458\u0430\u0442 \u0437\u0430 \u043f\u0440\u0438\u0432\u0440\u0435\u0434\u0443 \u0438 \u0442\u0443\u0440\u0438\u0437\u0430\u043c","description":"\u041f\u043e\u043a\u0440\u0430\u0458\u0438\u043d\u0441\u043a\u0438 \u0441\u0435\u043a\u0440\u0435\u0442\u0430\u0440\u0438\u0458\u0430\u0442 \u0437\u0430 \u043f\u0440\u0438\u0432\u0440\u0435\u0434\u0443 \u0438 \u0442\u0443\u0440\u0438\u0437\u0430\u043c","potentialAction":[{"@type":"SearchAction","target":{"@type":"EntryPoint","urlTemplate":"https:\/\/spriv.vojvodina.gov.rs\/?s={search_term_string}"},"query-input":{"@type":"PropertyValueSpecification","valueRequired":true,"valueName":"search_term_string"}}],"inLanguage":"sr-RS"},{"@type":"Person","@id":"https:\/\/spriv.vojvodina.gov.rs\/#\/schema\/person\/749ef4f57fbb458f1c759e7a4fa78485","name":"Sonja Babi\u0107","image":{"@type":"ImageObject","inLanguage":"sr-RS","@id":"https:\/\/secure.gravatar.com\/avatar\/00a1d182a20a59067af1e7b1c31cbcc3be1a456ee4b27746580e120c2582e5bd?s=96&d=mm&r=g","url":"https:\/\/secure.gravatar.com\/avatar\/00a1d182a20a59067af1e7b1c31cbcc3be1a456ee4b27746580e120c2582e5bd?s=96&d=mm&r=g","contentUrl":"https:\/\/secure.gravatar.com\/avatar\/00a1d182a20a59067af1e7b1c31cbcc3be1a456ee4b27746580e120c2582e5bd?s=96&d=mm&r=g","caption":"Sonja Babi\u0107"},"url":"https:\/\/spriv.vojvodina.gov.rs\/rs\/author\/sonja-babic\/"}]}},"_links":{"self":[{"href":"https:\/\/spriv.vojvodina.gov.rs\/rs\/wp-json\/wp\/v2\/posts\/1236","targetHints":{"allow":["GET"]}}],"collection":[{"href":"https:\/\/spriv.vojvodina.gov.rs\/rs\/wp-json\/wp\/v2\/posts"}],"about":[{"href":"https:\/\/spriv.vojvodina.gov.rs\/rs\/wp-json\/wp\/v2\/types\/post"}],"author":[{"embeddable":true,"href":"https:\/\/spriv.vojvodina.gov.rs\/rs\/wp-json\/wp\/v2\/users\/3"}],"replies":[{"embeddable":true,"href":"https:\/\/spriv.vojvodina.gov.rs\/rs\/wp-json\/wp\/v2\/comments?post=1236"}],"version-history":[{"count":0,"href":"https:\/\/spriv.vojvodina.gov.rs\/rs\/wp-json\/wp\/v2\/posts\/1236\/revisions"}],"wp:featuredmedia":[{"embeddable":true,"href":"https:\/\/spriv.vojvodina.gov.rs\/rs\/wp-json\/wp\/v2\/media\/1228"}],"wp:attachment":[{"href":"https:\/\/spriv.vojvodina.gov.rs\/rs\/wp-json\/wp\/v2\/media?parent=1236"}],"wp:term":[{"taxonomy":"category","embeddable":true,"href":"https:\/\/spriv.vojvodina.gov.rs\/rs\/wp-json\/wp\/v2\/categories?post=1236"},{"taxonomy":"post_tag","embeddable":true,"href":"https:\/\/spriv.vojvodina.gov.rs\/rs\/wp-json\/wp\/v2\/tags?post=1236"}],"curies":[{"name":"wp","href":"https:\/\/api.w.org\/{rel}","templated":true}]}}