{"id":1202,"date":"2015-11-14T14:16:43","date_gmt":"2015-11-14T14:16:43","guid":{"rendered":"http:\/\/spriv.vojvodina.gov.rs\/2015\/11\/14\/miroslav-vasin-primio-delegaciju-iz-lombardije\/"},"modified":"2015-11-14T14:16:43","modified_gmt":"2015-11-14T14:16:43","slug":"miroslav-vasin-primio-delegaciju-iz-lombardije","status":"publish","type":"post","link":"https:\/\/spriv.vojvodina.gov.rs\/rs\/miroslav-vasin-primio-delegaciju-iz-lombardije\/","title":{"rendered":"Miroslav Vasin primio delegaciju iz Lombardije"},"content":{"rendered":"<p style=\"text-align: justify;\"><strong><img loading=\"lazy\" decoding=\"async\" class=\" alignleft size-full wp-image-1196\" src=\"http:\/\/spriv.vojvodina.gov.rs\/wp-content\/uploads\/2015\/11\/13112015_Vasin_italija_mala.jpg\" border=\"0\" alt=\"\" align=\"left\" width=\"120\" height=\"80\" \/>Novi Sad, 13. novembar 2015.<\/strong> &#8211; Potpredsednik Pokrajinske vlade i pokrajinski sekretar za privredu, zapo\u0161ljavanje i ravnopravnost polova Miroslav Vasin, u prisustvu pomo\u0107nika za oblast privrede \u017deljka Dvo\u017eaka, predstavnika VIP fonda i potpredsednice Op\u0161tine Srbobran Slobodanke Gradinac, primio je delegaciju iz Italije, regije Lombardija, kako bi razgovarao o ulaganjima u Vojvodinu. Preduzetnici iz Lombardije su iskazali zainteresovanost da otvore uzgojno \u2013 proizvodni pogon u okviru 19 hektara industrijuskoj zoni Srbobran, gde bi se bavili agrobiznisom.<\/p>\n<p style=\"text-align: justify;\"><img loading=\"lazy\" decoding=\"async\" class=\" size-full wp-image-1197\" src=\"http:\/\/spriv.vojvodina.gov.rs\/wp-content\/uploads\/2015\/11\/13112015_Vasin_italija4.jpg\" border=\"0\" alt=\"\" style=\"display: block; margin-left: auto; margin-right: auto;\" width=\"580\" height=\"387\" srcset=\"https:\/\/spriv.vojvodina.gov.rs\/wp-content\/uploads\/2015\/11\/13112015_Vasin_italija4.jpg 580w, https:\/\/spriv.vojvodina.gov.rs\/wp-content\/uploads\/2015\/11\/13112015_Vasin_italija4-300x200.jpg 300w\" sizes=\"auto, (max-width: 580px) 100vw, 580px\" \/><br \/>Kompanija ,,Dimmidisi\u201c koja se bavi proizvodnjom zelene salate namerava da u Op\u0161tini Srbobran podigne prvi centar za proizvodnju i preradu u Srbiji. Bra\u0107a \u0110uzepe i Domeniko Bataljola (Giuseppe i Domenico Battagliola) su tim povodom posetili Srbobran, gde su razgovarali sa predsednikom Op\u0161tine Zoranom Mladenovi\u0107em i posetili poljoprivredna gazdinstva koja se bave proizvodnjom povr\u0107a u plastenicima. Po otvaranju centra, ova kompanija bi zaposlila 150 lica, sa tendencijom pro\u0161irenja kapaciteta.<\/p>\n<p style=\"text-align: justify;\"><img loading=\"lazy\" decoding=\"async\" class=\" size-full wp-image-1198\" src=\"http:\/\/spriv.vojvodina.gov.rs\/wp-content\/uploads\/2015\/11\/13112015_Vasin_italija2.jpg\" border=\"0\" alt=\"\" style=\"display: block; margin-left: auto; margin-right: auto;\" width=\"580\" height=\"387\" srcset=\"https:\/\/spriv.vojvodina.gov.rs\/wp-content\/uploads\/2015\/11\/13112015_Vasin_italija2.jpg 580w, https:\/\/spriv.vojvodina.gov.rs\/wp-content\/uploads\/2015\/11\/13112015_Vasin_italija2-300x200.jpg 300w\" sizes=\"auto, (max-width: 580px) 100vw, 580px\" \/><br \/>Potpredsednik Pokrajinske vlade je goste iz Italije upoznao sa demografskim i privrednik pojedinostima AP Vojvodine, uz osvrt na \u010dinjenicu da je po istaknutom privrednom i poslovnom \u010dasopisu ,,Fajnen\u0161el tajms\u201c Vojvodina progla\u0161ena za najpogodniji region za ulaganja. ,,Afirmativne su \u010dinjenice da su do sada italijanske kompanije imale u Vojvodini investicije u iznosu od 721 milion evra, da u Vojvodini posluju 54 italijanske kompanije koje zapo\u0161ljavaju oko 10.000 ljudi. Italija je drugi spoljno-trgovinski partner Vojvodine, odmah iza Nema\u010dke, pri \u010demu je ukupna spoljno-trgovinska razmena Vojvodine sa Italijom oko 700 miliona dolara u 2015. godini. Brojne su veze privrednika iz Vojvodine sa privrednicima iz Italije. Sama \u010dinjenica da je preko 45 odsto od svih investicija u Srbiji realizovano u Vojvodini, uz brojne dodatne podsticaje investitorima, je povoljna za potencijalne ulaga\u010de\u201c, rekao je Vasin i dodao da je Op\u0161tina Srbobran dobar izbor, jer je od strate\u0161kog zna\u010daja, sa prirodnim potencijalima i sa izuzetnom industrijskom zonom.<\/p>\n<p style=\"text-align: justify;\"><img loading=\"lazy\" decoding=\"async\" class=\" size-full wp-image-1199\" src=\"http:\/\/spriv.vojvodina.gov.rs\/wp-content\/uploads\/2015\/11\/13112015_Vasin_italija5.jpg\" border=\"0\" alt=\"\" style=\"display: block; margin-left: auto; margin-right: auto;\" width=\"580\" height=\"387\" srcset=\"https:\/\/spriv.vojvodina.gov.rs\/wp-content\/uploads\/2015\/11\/13112015_Vasin_italija5.jpg 580w, https:\/\/spriv.vojvodina.gov.rs\/wp-content\/uploads\/2015\/11\/13112015_Vasin_italija5-300x200.jpg 300w\" sizes=\"auto, (max-width: 580px) 100vw, 580px\" \/><br \/>Kompanija iz Italije ima proizvodnju i u \u0160paniji, a novootvoreni proizvodni centar u Vojvodini bi bio orijentisan na Rusiji i Balkanu. Jednom nogom u polju, a drugom u sferi naprednih tehnologija, kompanija ,,Dimmidisi\u201c bi pored proizvodnje sprovodila i edukaciju proizvo\u0111a\u010da i zaposlenih u oblasti poljoprivrede i agrobiznisa.<\/p>\n<p style=\"text-align: center;\"><img loading=\"lazy\" decoding=\"async\" class=\" size-full wp-image-1200\" src=\"http:\/\/spriv.vojvodina.gov.rs\/wp-content\/uploads\/2015\/11\/13112015_Vasin_italija1.jpg\" border=\"0\" alt=\"\" width=\"580\" height=\"387\" srcset=\"https:\/\/spriv.vojvodina.gov.rs\/wp-content\/uploads\/2015\/11\/13112015_Vasin_italija1.jpg 580w, https:\/\/spriv.vojvodina.gov.rs\/wp-content\/uploads\/2015\/11\/13112015_Vasin_italija1-300x200.jpg 300w\" sizes=\"auto, (max-width: 580px) 100vw, 580px\" \/><\/p>\n","protected":false},"excerpt":{"rendered":"Novi Sad, 13. novembar 2015. &#8211; Potpredsednik Pokrajinske vlade i pokrajinski sekretar za privredu, zapo\u0161ljavanje i ravnopravnost polova Miroslav Vasin, u prisustvu pomo\u0107nika za oblast privrede \u017deljka Dvo\u017eaka, predstavnika VIP fonda i potpredsednice Op\u0161tine Srbobran Slobodanke Gradinac, primio je delegaciju iz Italije, regije Lombardija, kako bi razgovarao o ulaganjima u Vojvodinu. Preduzetnici iz Lombardije su iskazali zainteresovanost da otvore uzgojno \u2013 proizvodni pogon u okviru 19 hektara industrijuskoj zoni Srbobran, gde bi se bavili agrobiznisom.\n<a class=\"moretag\" href=\"https:\/\/spriv.vojvodina.gov.rs\/rs\/miroslav-vasin-primio-delegaciju-iz-lombardije\/\"> [...]<\/a>","protected":false},"author":3,"featured_media":1196,"comment_status":"closed","ping_status":"closed","sticky":false,"template":"","format":"standard","meta":{"footnotes":""},"categories":[31],"tags":[],"class_list":["post-1202","post","type-post","status-publish","format-standard","has-post-thumbnail","hentry","category-vesti-latinica1"],"yoast_head":"<!-- This site is optimized with the Yoast SEO plugin v27.4 - https:\/\/yoast.com\/product\/yoast-seo-wordpress\/ -->\n<title>Miroslav Vasin primio delegaciju iz Lombardije - \u041f\u043e\u043a\u0440\u0430\u0458\u0438\u043d\u0441\u043a\u0438 \u0441\u0435\u043a\u0440\u0435\u0442\u0430\u0440\u0438\u0458\u0430\u0442 \u0437\u0430 \u043f\u0440\u0438\u0432\u0440\u0435\u0434\u0443 \u0438 \u0442\u0443\u0440\u0438\u0437\u0430\u043c<\/title>\n<meta name=\"robots\" content=\"index, follow, max-snippet:-1, max-image-preview:large, max-video-preview:-1\" \/>\n<link rel=\"canonical\" href=\"https:\/\/spriv.vojvodina.gov.rs\/rs\/miroslav-vasin-primio-delegaciju-iz-lombardije\/\" \/>\n<meta property=\"og:locale\" content=\"sr_RS\" \/>\n<meta property=\"og:type\" content=\"article\" \/>\n<meta property=\"og:title\" content=\"Miroslav Vasin primio delegaciju iz Lombardije - \u041f\u043e\u043a\u0440\u0430\u0458\u0438\u043d\u0441\u043a\u0438 \u0441\u0435\u043a\u0440\u0435\u0442\u0430\u0440\u0438\u0458\u0430\u0442 \u0437\u0430 \u043f\u0440\u0438\u0432\u0440\u0435\u0434\u0443 \u0438 \u0442\u0443\u0440\u0438\u0437\u0430\u043c\" \/>\n<meta property=\"og:description\" content=\"Novi Sad, 13. novembar 2015. - Potpredsednik Pokrajinske vlade i pokrajinski sekretar za privredu, zapo\u0161ljavanje i ravnopravnost polova Miroslav Vasin, u prisustvu pomo\u0107nika za oblast privrede \u017deljka Dvo\u017eaka, predstavnika VIP fonda i potpredsednice Op\u0161tine Srbobran Slobodanke Gradinac, primio je delegaciju iz Italije, regije Lombardija, kako bi razgovarao o ulaganjima u Vojvodinu. Preduzetnici iz Lombardije su iskazali zainteresovanost da otvore uzgojno \u2013 proizvodni pogon u okviru 19 hektara industrijuskoj zoni Srbobran, gde bi se bavili agrobiznisom.\" \/>\n<meta property=\"og:url\" content=\"https:\/\/spriv.vojvodina.gov.rs\/rs\/miroslav-vasin-primio-delegaciju-iz-lombardije\/\" \/>\n<meta property=\"og:site_name\" content=\"\u041f\u043e\u043a\u0440\u0430\u0458\u0438\u043d\u0441\u043a\u0438 \u0441\u0435\u043a\u0440\u0435\u0442\u0430\u0440\u0438\u0458\u0430\u0442 \u0437\u0430 \u043f\u0440\u0438\u0432\u0440\u0435\u0434\u0443 \u0438 \u0442\u0443\u0440\u0438\u0437\u0430\u043c\" \/>\n<meta property=\"article:published_time\" content=\"2015-11-14T14:16:43+00:00\" \/>\n<meta property=\"og:image\" content=\"https:\/\/spriv.vojvodina.gov.rs\/wp-content\/uploads\/2015\/11\/13112015_Vasin_italija_mala.jpg\" \/>\n\t<meta property=\"og:image:width\" content=\"120\" \/>\n\t<meta property=\"og:image:height\" content=\"80\" \/>\n\t<meta property=\"og:image:type\" content=\"image\/jpeg\" \/>\n<meta name=\"author\" content=\"Sonja Babi\u0107\" \/>\n<meta name=\"twitter:card\" content=\"summary_large_image\" \/>\n<meta name=\"twitter:label1\" content=\"\u041d\u0430\u043f\u0438\u0441\u0430\u043d\u043e \u043e\u0434\" \/>\n\t<meta name=\"twitter:data1\" content=\"Sonja Babi\u0107\" \/>\n\t<meta name=\"twitter:label2\" content=\"\u041f\u0440\u043e\u0446\u0435\u045a\u0435\u043d\u043e \u0432\u0440\u0435\u043c\u0435 \u0447\u0438\u0442\u0430\u045a\u0430\" \/>\n\t<meta name=\"twitter:data2\" content=\"2 \u043c\u0438\u043d\u0443\u0442\u0430\" \/>\n<script type=\"application\/ld+json\" class=\"yoast-schema-graph\">{\"@context\":\"https:\\\/\\\/schema.org\",\"@graph\":[{\"@type\":\"Article\",\"@id\":\"https:\\\/\\\/spriv.vojvodina.gov.rs\\\/rs\\\/miroslav-vasin-primio-delegaciju-iz-lombardije\\\/#article\",\"isPartOf\":{\"@id\":\"https:\\\/\\\/spriv.vojvodina.gov.rs\\\/rs\\\/miroslav-vasin-primio-delegaciju-iz-lombardije\\\/\"},\"author\":{\"name\":\"Sonja Babi\u0107\",\"@id\":\"https:\\\/\\\/spriv.vojvodina.gov.rs\\\/#\\\/schema\\\/person\\\/749ef4f57fbb458f1c759e7a4fa78485\"},\"headline\":\"Miroslav Vasin primio delegaciju iz Lombardije\",\"datePublished\":\"2015-11-14T14:16:43+00:00\",\"mainEntityOfPage\":{\"@id\":\"https:\\\/\\\/spriv.vojvodina.gov.rs\\\/rs\\\/miroslav-vasin-primio-delegaciju-iz-lombardije\\\/\"},\"wordCount\":356,\"image\":{\"@id\":\"https:\\\/\\\/spriv.vojvodina.gov.rs\\\/rs\\\/miroslav-vasin-primio-delegaciju-iz-lombardije\\\/#primaryimage\"},\"thumbnailUrl\":\"https:\\\/\\\/spriv.vojvodina.gov.rs\\\/wp-content\\\/uploads\\\/2015\\\/11\\\/13112015_Vasin_italija_mala.jpg\",\"articleSection\":[\"Vesti Latinica\"],\"inLanguage\":\"sr-RS\"},{\"@type\":\"WebPage\",\"@id\":\"https:\\\/\\\/spriv.vojvodina.gov.rs\\\/rs\\\/miroslav-vasin-primio-delegaciju-iz-lombardije\\\/\",\"url\":\"https:\\\/\\\/spriv.vojvodina.gov.rs\\\/rs\\\/miroslav-vasin-primio-delegaciju-iz-lombardije\\\/\",\"name\":\"Miroslav Vasin primio delegaciju iz Lombardije - \u041f\u043e\u043a\u0440\u0430\u0458\u0438\u043d\u0441\u043a\u0438 \u0441\u0435\u043a\u0440\u0435\u0442\u0430\u0440\u0438\u0458\u0430\u0442 \u0437\u0430 \u043f\u0440\u0438\u0432\u0440\u0435\u0434\u0443 \u0438 \u0442\u0443\u0440\u0438\u0437\u0430\u043c\",\"isPartOf\":{\"@id\":\"https:\\\/\\\/spriv.vojvodina.gov.rs\\\/#website\"},\"primaryImageOfPage\":{\"@id\":\"https:\\\/\\\/spriv.vojvodina.gov.rs\\\/rs\\\/miroslav-vasin-primio-delegaciju-iz-lombardije\\\/#primaryimage\"},\"image\":{\"@id\":\"https:\\\/\\\/spriv.vojvodina.gov.rs\\\/rs\\\/miroslav-vasin-primio-delegaciju-iz-lombardije\\\/#primaryimage\"},\"thumbnailUrl\":\"https:\\\/\\\/spriv.vojvodina.gov.rs\\\/wp-content\\\/uploads\\\/2015\\\/11\\\/13112015_Vasin_italija_mala.jpg\",\"datePublished\":\"2015-11-14T14:16:43+00:00\",\"author\":{\"@id\":\"https:\\\/\\\/spriv.vojvodina.gov.rs\\\/#\\\/schema\\\/person\\\/749ef4f57fbb458f1c759e7a4fa78485\"},\"breadcrumb\":{\"@id\":\"https:\\\/\\\/spriv.vojvodina.gov.rs\\\/rs\\\/miroslav-vasin-primio-delegaciju-iz-lombardije\\\/#breadcrumb\"},\"inLanguage\":\"sr-RS\",\"potentialAction\":[{\"@type\":\"ReadAction\",\"target\":[\"https:\\\/\\\/spriv.vojvodina.gov.rs\\\/rs\\\/miroslav-vasin-primio-delegaciju-iz-lombardije\\\/\"]}]},{\"@type\":\"ImageObject\",\"inLanguage\":\"sr-RS\",\"@id\":\"https:\\\/\\\/spriv.vojvodina.gov.rs\\\/rs\\\/miroslav-vasin-primio-delegaciju-iz-lombardije\\\/#primaryimage\",\"url\":\"https:\\\/\\\/spriv.vojvodina.gov.rs\\\/wp-content\\\/uploads\\\/2015\\\/11\\\/13112015_Vasin_italija_mala.jpg\",\"contentUrl\":\"https:\\\/\\\/spriv.vojvodina.gov.rs\\\/wp-content\\\/uploads\\\/2015\\\/11\\\/13112015_Vasin_italija_mala.jpg\",\"width\":120,\"height\":80},{\"@type\":\"BreadcrumbList\",\"@id\":\"https:\\\/\\\/spriv.vojvodina.gov.rs\\\/rs\\\/miroslav-vasin-primio-delegaciju-iz-lombardije\\\/#breadcrumb\",\"itemListElement\":[{\"@type\":\"ListItem\",\"position\":1,\"name\":\"Home\",\"item\":\"https:\\\/\\\/spriv.vojvodina.gov.rs\\\/\"},{\"@type\":\"ListItem\",\"position\":2,\"name\":\"Miroslav Vasin primio delegaciju iz Lombardije\"}]},{\"@type\":\"WebSite\",\"@id\":\"https:\\\/\\\/spriv.vojvodina.gov.rs\\\/#website\",\"url\":\"https:\\\/\\\/spriv.vojvodina.gov.rs\\\/\",\"name\":\"\u041f\u043e\u043a\u0440\u0430\u0458\u0438\u043d\u0441\u043a\u0438 \u0441\u0435\u043a\u0440\u0435\u0442\u0430\u0440\u0438\u0458\u0430\u0442 \u0437\u0430 \u043f\u0440\u0438\u0432\u0440\u0435\u0434\u0443 \u0438 \u0442\u0443\u0440\u0438\u0437\u0430\u043c\",\"description\":\"\u041f\u043e\u043a\u0440\u0430\u0458\u0438\u043d\u0441\u043a\u0438 \u0441\u0435\u043a\u0440\u0435\u0442\u0430\u0440\u0438\u0458\u0430\u0442 \u0437\u0430 \u043f\u0440\u0438\u0432\u0440\u0435\u0434\u0443 \u0438 \u0442\u0443\u0440\u0438\u0437\u0430\u043c\",\"potentialAction\":[{\"@type\":\"SearchAction\",\"target\":{\"@type\":\"EntryPoint\",\"urlTemplate\":\"https:\\\/\\\/spriv.vojvodina.gov.rs\\\/?s={search_term_string}\"},\"query-input\":{\"@type\":\"PropertyValueSpecification\",\"valueRequired\":true,\"valueName\":\"search_term_string\"}}],\"inLanguage\":\"sr-RS\"},{\"@type\":\"Person\",\"@id\":\"https:\\\/\\\/spriv.vojvodina.gov.rs\\\/#\\\/schema\\\/person\\\/749ef4f57fbb458f1c759e7a4fa78485\",\"name\":\"Sonja Babi\u0107\",\"image\":{\"@type\":\"ImageObject\",\"inLanguage\":\"sr-RS\",\"@id\":\"https:\\\/\\\/secure.gravatar.com\\\/avatar\\\/00a1d182a20a59067af1e7b1c31cbcc3be1a456ee4b27746580e120c2582e5bd?s=96&d=mm&r=g\",\"url\":\"https:\\\/\\\/secure.gravatar.com\\\/avatar\\\/00a1d182a20a59067af1e7b1c31cbcc3be1a456ee4b27746580e120c2582e5bd?s=96&d=mm&r=g\",\"contentUrl\":\"https:\\\/\\\/secure.gravatar.com\\\/avatar\\\/00a1d182a20a59067af1e7b1c31cbcc3be1a456ee4b27746580e120c2582e5bd?s=96&d=mm&r=g\",\"caption\":\"Sonja Babi\u0107\"},\"url\":\"https:\\\/\\\/spriv.vojvodina.gov.rs\\\/rs\\\/author\\\/sonja-babic\\\/\"}]}<\/script>\n<!-- \/ Yoast SEO plugin. -->","yoast_head_json":{"title":"Miroslav Vasin primio delegaciju iz Lombardije - \u041f\u043e\u043a\u0440\u0430\u0458\u0438\u043d\u0441\u043a\u0438 \u0441\u0435\u043a\u0440\u0435\u0442\u0430\u0440\u0438\u0458\u0430\u0442 \u0437\u0430 \u043f\u0440\u0438\u0432\u0440\u0435\u0434\u0443 \u0438 \u0442\u0443\u0440\u0438\u0437\u0430\u043c","robots":{"index":"index","follow":"follow","max-snippet":"max-snippet:-1","max-image-preview":"max-image-preview:large","max-video-preview":"max-video-preview:-1"},"canonical":"https:\/\/spriv.vojvodina.gov.rs\/rs\/miroslav-vasin-primio-delegaciju-iz-lombardije\/","og_locale":"sr_RS","og_type":"article","og_title":"Miroslav Vasin primio delegaciju iz Lombardije - \u041f\u043e\u043a\u0440\u0430\u0458\u0438\u043d\u0441\u043a\u0438 \u0441\u0435\u043a\u0440\u0435\u0442\u0430\u0440\u0438\u0458\u0430\u0442 \u0437\u0430 \u043f\u0440\u0438\u0432\u0440\u0435\u0434\u0443 \u0438 \u0442\u0443\u0440\u0438\u0437\u0430\u043c","og_description":"Novi Sad, 13. novembar 2015. - Potpredsednik Pokrajinske vlade i pokrajinski sekretar za privredu, zapo\u0161ljavanje i ravnopravnost polova Miroslav Vasin, u prisustvu pomo\u0107nika za oblast privrede \u017deljka Dvo\u017eaka, predstavnika VIP fonda i potpredsednice Op\u0161tine Srbobran Slobodanke Gradinac, primio je delegaciju iz Italije, regije Lombardija, kako bi razgovarao o ulaganjima u Vojvodinu. Preduzetnici iz Lombardije su iskazali zainteresovanost da otvore uzgojno \u2013 proizvodni pogon u okviru 19 hektara industrijuskoj zoni Srbobran, gde bi se bavili agrobiznisom.","og_url":"https:\/\/spriv.vojvodina.gov.rs\/rs\/miroslav-vasin-primio-delegaciju-iz-lombardije\/","og_site_name":"\u041f\u043e\u043a\u0440\u0430\u0458\u0438\u043d\u0441\u043a\u0438 \u0441\u0435\u043a\u0440\u0435\u0442\u0430\u0440\u0438\u0458\u0430\u0442 \u0437\u0430 \u043f\u0440\u0438\u0432\u0440\u0435\u0434\u0443 \u0438 \u0442\u0443\u0440\u0438\u0437\u0430\u043c","article_published_time":"2015-11-14T14:16:43+00:00","og_image":[{"width":120,"height":80,"url":"https:\/\/spriv.vojvodina.gov.rs\/wp-content\/uploads\/2015\/11\/13112015_Vasin_italija_mala.jpg","type":"image\/jpeg"}],"author":"Sonja Babi\u0107","twitter_card":"summary_large_image","twitter_misc":{"\u041d\u0430\u043f\u0438\u0441\u0430\u043d\u043e \u043e\u0434":"Sonja Babi\u0107","\u041f\u0440\u043e\u0446\u0435\u045a\u0435\u043d\u043e \u0432\u0440\u0435\u043c\u0435 \u0447\u0438\u0442\u0430\u045a\u0430":"2 \u043c\u0438\u043d\u0443\u0442\u0430"},"schema":{"@context":"https:\/\/schema.org","@graph":[{"@type":"Article","@id":"https:\/\/spriv.vojvodina.gov.rs\/rs\/miroslav-vasin-primio-delegaciju-iz-lombardije\/#article","isPartOf":{"@id":"https:\/\/spriv.vojvodina.gov.rs\/rs\/miroslav-vasin-primio-delegaciju-iz-lombardije\/"},"author":{"name":"Sonja Babi\u0107","@id":"https:\/\/spriv.vojvodina.gov.rs\/#\/schema\/person\/749ef4f57fbb458f1c759e7a4fa78485"},"headline":"Miroslav Vasin primio delegaciju iz Lombardije","datePublished":"2015-11-14T14:16:43+00:00","mainEntityOfPage":{"@id":"https:\/\/spriv.vojvodina.gov.rs\/rs\/miroslav-vasin-primio-delegaciju-iz-lombardije\/"},"wordCount":356,"image":{"@id":"https:\/\/spriv.vojvodina.gov.rs\/rs\/miroslav-vasin-primio-delegaciju-iz-lombardije\/#primaryimage"},"thumbnailUrl":"https:\/\/spriv.vojvodina.gov.rs\/wp-content\/uploads\/2015\/11\/13112015_Vasin_italija_mala.jpg","articleSection":["Vesti Latinica"],"inLanguage":"sr-RS"},{"@type":"WebPage","@id":"https:\/\/spriv.vojvodina.gov.rs\/rs\/miroslav-vasin-primio-delegaciju-iz-lombardije\/","url":"https:\/\/spriv.vojvodina.gov.rs\/rs\/miroslav-vasin-primio-delegaciju-iz-lombardije\/","name":"Miroslav Vasin primio delegaciju iz Lombardije - \u041f\u043e\u043a\u0440\u0430\u0458\u0438\u043d\u0441\u043a\u0438 \u0441\u0435\u043a\u0440\u0435\u0442\u0430\u0440\u0438\u0458\u0430\u0442 \u0437\u0430 \u043f\u0440\u0438\u0432\u0440\u0435\u0434\u0443 \u0438 \u0442\u0443\u0440\u0438\u0437\u0430\u043c","isPartOf":{"@id":"https:\/\/spriv.vojvodina.gov.rs\/#website"},"primaryImageOfPage":{"@id":"https:\/\/spriv.vojvodina.gov.rs\/rs\/miroslav-vasin-primio-delegaciju-iz-lombardije\/#primaryimage"},"image":{"@id":"https:\/\/spriv.vojvodina.gov.rs\/rs\/miroslav-vasin-primio-delegaciju-iz-lombardije\/#primaryimage"},"thumbnailUrl":"https:\/\/spriv.vojvodina.gov.rs\/wp-content\/uploads\/2015\/11\/13112015_Vasin_italija_mala.jpg","datePublished":"2015-11-14T14:16:43+00:00","author":{"@id":"https:\/\/spriv.vojvodina.gov.rs\/#\/schema\/person\/749ef4f57fbb458f1c759e7a4fa78485"},"breadcrumb":{"@id":"https:\/\/spriv.vojvodina.gov.rs\/rs\/miroslav-vasin-primio-delegaciju-iz-lombardije\/#breadcrumb"},"inLanguage":"sr-RS","potentialAction":[{"@type":"ReadAction","target":["https:\/\/spriv.vojvodina.gov.rs\/rs\/miroslav-vasin-primio-delegaciju-iz-lombardije\/"]}]},{"@type":"ImageObject","inLanguage":"sr-RS","@id":"https:\/\/spriv.vojvodina.gov.rs\/rs\/miroslav-vasin-primio-delegaciju-iz-lombardije\/#primaryimage","url":"https:\/\/spriv.vojvodina.gov.rs\/wp-content\/uploads\/2015\/11\/13112015_Vasin_italija_mala.jpg","contentUrl":"https:\/\/spriv.vojvodina.gov.rs\/wp-content\/uploads\/2015\/11\/13112015_Vasin_italija_mala.jpg","width":120,"height":80},{"@type":"BreadcrumbList","@id":"https:\/\/spriv.vojvodina.gov.rs\/rs\/miroslav-vasin-primio-delegaciju-iz-lombardije\/#breadcrumb","itemListElement":[{"@type":"ListItem","position":1,"name":"Home","item":"https:\/\/spriv.vojvodina.gov.rs\/"},{"@type":"ListItem","position":2,"name":"Miroslav Vasin primio delegaciju iz Lombardije"}]},{"@type":"WebSite","@id":"https:\/\/spriv.vojvodina.gov.rs\/#website","url":"https:\/\/spriv.vojvodina.gov.rs\/","name":"\u041f\u043e\u043a\u0440\u0430\u0458\u0438\u043d\u0441\u043a\u0438 \u0441\u0435\u043a\u0440\u0435\u0442\u0430\u0440\u0438\u0458\u0430\u0442 \u0437\u0430 \u043f\u0440\u0438\u0432\u0440\u0435\u0434\u0443 \u0438 \u0442\u0443\u0440\u0438\u0437\u0430\u043c","description":"\u041f\u043e\u043a\u0440\u0430\u0458\u0438\u043d\u0441\u043a\u0438 \u0441\u0435\u043a\u0440\u0435\u0442\u0430\u0440\u0438\u0458\u0430\u0442 \u0437\u0430 \u043f\u0440\u0438\u0432\u0440\u0435\u0434\u0443 \u0438 \u0442\u0443\u0440\u0438\u0437\u0430\u043c","potentialAction":[{"@type":"SearchAction","target":{"@type":"EntryPoint","urlTemplate":"https:\/\/spriv.vojvodina.gov.rs\/?s={search_term_string}"},"query-input":{"@type":"PropertyValueSpecification","valueRequired":true,"valueName":"search_term_string"}}],"inLanguage":"sr-RS"},{"@type":"Person","@id":"https:\/\/spriv.vojvodina.gov.rs\/#\/schema\/person\/749ef4f57fbb458f1c759e7a4fa78485","name":"Sonja Babi\u0107","image":{"@type":"ImageObject","inLanguage":"sr-RS","@id":"https:\/\/secure.gravatar.com\/avatar\/00a1d182a20a59067af1e7b1c31cbcc3be1a456ee4b27746580e120c2582e5bd?s=96&d=mm&r=g","url":"https:\/\/secure.gravatar.com\/avatar\/00a1d182a20a59067af1e7b1c31cbcc3be1a456ee4b27746580e120c2582e5bd?s=96&d=mm&r=g","contentUrl":"https:\/\/secure.gravatar.com\/avatar\/00a1d182a20a59067af1e7b1c31cbcc3be1a456ee4b27746580e120c2582e5bd?s=96&d=mm&r=g","caption":"Sonja Babi\u0107"},"url":"https:\/\/spriv.vojvodina.gov.rs\/rs\/author\/sonja-babic\/"}]}},"_links":{"self":[{"href":"https:\/\/spriv.vojvodina.gov.rs\/rs\/wp-json\/wp\/v2\/posts\/1202","targetHints":{"allow":["GET"]}}],"collection":[{"href":"https:\/\/spriv.vojvodina.gov.rs\/rs\/wp-json\/wp\/v2\/posts"}],"about":[{"href":"https:\/\/spriv.vojvodina.gov.rs\/rs\/wp-json\/wp\/v2\/types\/post"}],"author":[{"embeddable":true,"href":"https:\/\/spriv.vojvodina.gov.rs\/rs\/wp-json\/wp\/v2\/users\/3"}],"replies":[{"embeddable":true,"href":"https:\/\/spriv.vojvodina.gov.rs\/rs\/wp-json\/wp\/v2\/comments?post=1202"}],"version-history":[{"count":0,"href":"https:\/\/spriv.vojvodina.gov.rs\/rs\/wp-json\/wp\/v2\/posts\/1202\/revisions"}],"wp:featuredmedia":[{"embeddable":true,"href":"https:\/\/spriv.vojvodina.gov.rs\/rs\/wp-json\/wp\/v2\/media\/1196"}],"wp:attachment":[{"href":"https:\/\/spriv.vojvodina.gov.rs\/rs\/wp-json\/wp\/v2\/media?parent=1202"}],"wp:term":[{"taxonomy":"category","embeddable":true,"href":"https:\/\/spriv.vojvodina.gov.rs\/rs\/wp-json\/wp\/v2\/categories?post=1202"},{"taxonomy":"post_tag","embeddable":true,"href":"https:\/\/spriv.vojvodina.gov.rs\/rs\/wp-json\/wp\/v2\/tags?post=1202"}],"curies":[{"name":"wp","href":"https:\/\/api.w.org\/{rel}","templated":true}]}}