{"id":1107,"date":"2015-10-24T10:09:09","date_gmt":"2015-10-24T10:09:09","guid":{"rendered":"http:\/\/spriv.vojvodina.gov.rs\/2015\/10\/24\/poslovni-susreti-privrednika-iz-ap-vojvodine-i-turske-u-novom-sadu\/"},"modified":"2015-10-24T10:09:09","modified_gmt":"2015-10-24T10:09:09","slug":"poslovni-susreti-privrednika-iz-ap-vojvodine-i-turske-u-novom-sadu","status":"publish","type":"post","link":"https:\/\/spriv.vojvodina.gov.rs\/rs\/poslovni-susreti-privrednika-iz-ap-vojvodine-i-turske-u-novom-sadu\/","title":{"rendered":"Poslovni susreti privrednika iz AP Vojvodine i Turske u Novom Sadu"},"content":{"rendered":"<p style=\"text-align: justify;\"><strong><img loading=\"lazy\" decoding=\"async\" class=\" alignleft size-full wp-image-1099\" src=\"http:\/\/spriv.vojvodina.gov.rs\/wp-content\/uploads\/2015\/10\/23102015_Vasin_Turska_mala.jpg\" border=\"0\" alt=\"\" align=\"left\" width=\"120\" height=\"80\" \/>Novi Sad, 23. oktobar 2015.<\/strong> &#8211; Delegacija privrednika iz Turske, posetila je danas Pokrajinsku vladu i Skup\u0161tinu AP Vojvodine, gde su ih doma\u0107ini upoznali sa privrednim potencijalima na\u0161e pokrajine. U cilju ostvarivanja direktnih poslovnih partnerstava, u Skup\u0161tini AP Vojvodine uprili\u010deni su i B2B susreti privrednika iz Turske i Vojvodine. Poslovno umre\u017eavanje privrednika organizovalo je Udru\u017eenje privrednika SITA (Serbian International Trade Association), uz podr\u0161ku Pokrajinske vlade, Skup\u0161tine AP Vojvodine i Privredne komore Vojvodine. Predstavnici doma\u0107ih kompanija imali su priliku da u toku dana\u0161njeg poslovnog susreta sa predstavnicima 10 kompanija iz Turske, predstave svoju poslovnu politiku, proizvodni program, kao i ponudu za zajedni\u010dko ulaganje i nastup na me\u0111unarodnom tr\u017ei\u0161tu. Potpredsednik Pokrajinske vlade i pokrajinski sekretar Miroslav Vasin se ovim povodom obratio privrednicima iz Turske, okupljenim u asocijaciji industrijalaca i biznismena Turske \u2013Tuskon, koja broji vi\u0161e od 200 hiljada \u010dlanova.<\/p>\n<p style=\"text-align: center;\"><img loading=\"lazy\" decoding=\"async\" class=\" size-full wp-image-1100\" src=\"http:\/\/spriv.vojvodina.gov.rs\/wp-content\/uploads\/2015\/10\/23102015_sala23_2.jpg\" border=\"0\" alt=\"\" width=\"580\" height=\"387\" srcset=\"https:\/\/spriv.vojvodina.gov.rs\/wp-content\/uploads\/2015\/10\/23102015_sala23_2.jpg 580w, https:\/\/spriv.vojvodina.gov.rs\/wp-content\/uploads\/2015\/10\/23102015_sala23_2-300x200.jpg 300w\" sizes=\"auto, (max-width: 580px) 100vw, 580px\" \/><\/p>\n<p style=\"text-align: justify;\">Vasin je privrednicima iz kompanija koje posluju u sektorima tekstila, gra\u0111evine, elektronike i trgovine, a koji su iskazali interesovanje za poslovnu saradnju sa vojvo\u0111anskim preduzetnicima, predstavio demografske i geografske potencijale i prednosti, kao i ekonomska kretanja i privredne potencijale severne srpske pokrajine, u cilju pribli\u017eavanja regije potencijalnim turskim investitorima.<\/p>\n<p style=\"text-align: center;\"><img loading=\"lazy\" decoding=\"async\" class=\" size-full wp-image-1101\" src=\"http:\/\/spriv.vojvodina.gov.rs\/wp-content\/uploads\/2015\/10\/23102015_Vasin_Turska1.jpg\" border=\"0\" alt=\"\" width=\"580\" height=\"387\" srcset=\"https:\/\/spriv.vojvodina.gov.rs\/wp-content\/uploads\/2015\/10\/23102015_Vasin_Turska1.jpg 580w, https:\/\/spriv.vojvodina.gov.rs\/wp-content\/uploads\/2015\/10\/23102015_Vasin_Turska1-300x200.jpg 300w\" sizes=\"auto, (max-width: 580px) 100vw, 580px\" \/><\/p>\n<p style=\"text-align: justify;\">,,Danas je zna\u010dajan dan za vojvo\u0111ansku privredu, jer je u poseti delegacija turskih privrednika, koju \u010dine vlasnici kompanija, zainteresovani za saradnju sa Srbijom, odnosno Vojvodinom. Nakon prijema u Pokrajinskoj vladi, turski privrednici imaju priliku da se poslovno umre\u017eavaju i upoznaju sa privrednicima iz AP Vojvodine na poslovnim susretima uprili\u010denim u Skup\u0161tini APV. Svi ekonomski pokazatelji idu u prilog \u010dinjenici da potencijali za saradnju postoje. Dana\u0161nji poslovni susret je po\u010detak novih vidova saradnje i unapre\u0111enja postoje\u0107e, u oblastima agrobiznisa, informaciono-komunikacionih tehnologija, gra\u0111evinarstva, energetske efikasnosti i industrije\u201c, rekao je Vasin.<\/p>\n<p style=\"text-align: center;\"><img loading=\"lazy\" decoding=\"async\" class=\" size-full wp-image-1102\" src=\"http:\/\/spriv.vojvodina.gov.rs\/wp-content\/uploads\/2015\/10\/23102015_Vasin_Turska2.jpg\" border=\"0\" alt=\"\" width=\"580\" height=\"387\" srcset=\"https:\/\/spriv.vojvodina.gov.rs\/wp-content\/uploads\/2015\/10\/23102015_Vasin_Turska2.jpg 580w, https:\/\/spriv.vojvodina.gov.rs\/wp-content\/uploads\/2015\/10\/23102015_Vasin_Turska2-300x200.jpg 300w\" sizes=\"auto, (max-width: 580px) 100vw, 580px\" \/><\/p>\n<p style=\"text-align: justify;\">Milivoj Vrebalov je naglasio da su vrata Skup\u0161tine Vojvodine uvek \u0161irom otvorena za razgovore o boljitku i izrazio o\u010dekivanje da \u0107e dana\u0161nji susreti omogu\u0107iti jo\u0161 bolju privrednu saradnju Turske i Vojvodine i pove\u0107ati sada\u0161nji nivo ulaganja na obostranu korist, jer za to pored iskazane dobre volje i uzajamnog poverenja, postoje i dobri uslovi i dobri potencijali koje treba iskoristiti.<\/p>\n<p>,,Skup\u0161tina AP Vojvodine je uvek spremna da podr\u017ei aktivnosti koje imaju za cilj uspostavljanje, negovanje i unapre\u0111enje saradnje, me\u0111usobnog uva\u017eavanja i prosperiteta svih na\u0161ih gra\u0111anki i gra\u0111ana. Od 2009. godine, kada je potpisan Sporazum o slobodnoj trgovini izme\u0111u Srbije i Turske, bele\u017eimo stalan rast razmene dobara i usluga, a danas smo u poziciji da to dodatno oja\u010damo. Na\u0161a zajedni\u010dka karakteristika je inat, \u0161to u prevodu zapravo zna\u010di \u010dvrsto verujem. Verujem da \u0107e dana\u0161nji poslovni forum doneti puno novih ortakluka i da \u0107e obezbediti jo\u0161 bolju saradnju Turske sa Vojvodinom&#8220;, rekao potpredsednik vojvo\u0111anske Skup\u0161tine.<\/p>\n<p style=\"text-align: center;\"><img loading=\"lazy\" decoding=\"async\" class=\" size-full wp-image-1103\" src=\"http:\/\/spriv.vojvodina.gov.rs\/wp-content\/uploads\/2015\/10\/23102015_Vasin_Turska5.jpg\" border=\"0\" alt=\"\" width=\"580\" height=\"387\" srcset=\"https:\/\/spriv.vojvodina.gov.rs\/wp-content\/uploads\/2015\/10\/23102015_Vasin_Turska5.jpg 580w, https:\/\/spriv.vojvodina.gov.rs\/wp-content\/uploads\/2015\/10\/23102015_Vasin_Turska5-300x200.jpg 300w\" sizes=\"auto, (max-width: 580px) 100vw, 580px\" \/><\/p>\n<p style=\"text-align: justify;\">On je ocenio da je 830 miliona dolara koliko je iznosila pro\u0161logodi\u0161nja robna razmena izme\u0111u dve dr\u017eave dobar pokazatelj, ali je i naglasio da je sada\u0161nji nivo turskih investicija u na\u0161oj dr\u017eavi daleko ispod nivoa ulaganja te zemlje u dr\u017eavama regiona i realnih mogu\u0107nosti. Vrebalov je zbog toga pozvao privrednike iz Turske da iskoriste pogodnosti privrednih potencijala u Vojvodini i Srbiji i podignu nivo investicija na nivo koji imaju u regionu.<\/p>\n<p>Predstavnik PKV Marko Cigi\u0107 je istakao da dana\u0161nji poslovni susret privrednika iz Turske i AP Vojvodine ima za cilj uspostavljanje bolje saradnje, s obzirom na \u010dinjenicu da je Turska va\u017ean partner Srbije.<\/p>\n<p style=\"text-align: center;\"><img loading=\"lazy\" decoding=\"async\" class=\" size-full wp-image-1104\" src=\"http:\/\/spriv.vojvodina.gov.rs\/wp-content\/uploads\/2015\/10\/23102015_Vasin_Turska4.jpg\" border=\"0\" alt=\"\" width=\"580\" height=\"387\" srcset=\"https:\/\/spriv.vojvodina.gov.rs\/wp-content\/uploads\/2015\/10\/23102015_Vasin_Turska4.jpg 580w, https:\/\/spriv.vojvodina.gov.rs\/wp-content\/uploads\/2015\/10\/23102015_Vasin_Turska4-300x200.jpg 300w\" sizes=\"auto, (max-width: 580px) 100vw, 580px\" \/><\/p>\n<p style=\"text-align: justify;\">,,Najzna\u010dajniji vid privredne saradnje je spoljno-trgovinsko poslovanje, odnosno robna razmena, koja je od 2010. u zna\u010dajnom porastu, a ve\u0107 je u 2014. godini iznosila ukupno 165 miliona evra. O\u010dekujemo da sa turskim privrednicima uspostavimo takve oblike saradnje koji \u0107e rezultirati investicionim ulaganjima u pokrajinu, jer su preko potrebna za njen razvoj, posebno za otvaranje novih radnih mesta\u201c, rekao je Cigi\u0107, naglasiv\u0161i da se naredne godine o\u010dekuje pove\u0107anje obima privredne saradnje za oko 200 miliona evra, \u0161to isti\u010de da se akcenat privrednika stavlja na energetski sektor, prehrambeno-poljoprivredni, metalski i sektor gra\u0111evinarstva.<\/p>\n<p>Turske kompanije pokazuju veliko interesovanje za srpsku privredu od 2009. godine, kada je potpisan sporazum o slobodnoj trgovini izme\u0111u Srbije i Turske, \u010dime je otvoren put za unapre\u0111enje ekonomske klime, saradnje, trgovine i investicija izme\u0111u dve zemlje.<\/p>\n<p style=\"text-align: center;\"><img loading=\"lazy\" decoding=\"async\" class=\" size-full wp-image-1105\" src=\"http:\/\/spriv.vojvodina.gov.rs\/wp-content\/uploads\/2015\/10\/23102015_Vasin_Turska3.jpg\" border=\"0\" alt=\"\" width=\"580\" height=\"387\" srcset=\"https:\/\/spriv.vojvodina.gov.rs\/wp-content\/uploads\/2015\/10\/23102015_Vasin_Turska3.jpg 580w, https:\/\/spriv.vojvodina.gov.rs\/wp-content\/uploads\/2015\/10\/23102015_Vasin_Turska3-300x200.jpg 300w\" sizes=\"auto, (max-width: 580px) 100vw, 580px\" \/><\/p>\n","protected":false},"excerpt":{"rendered":"Novi Sad, 23. oktobar 2015. &#8211; Delegacija privrednika iz Turske, posetila je danas Pokrajinsku vladu i Skup\u0161tinu AP Vojvodine, gde su ih doma\u0107ini upoznali sa privrednim potencijalima na\u0161e pokrajine. U cilju ostvarivanja direktnih poslovnih partnerstava, u Skup\u0161tini AP Vojvodine uprili\u010deni su i B2B susreti privrednika iz Turske i Vojvodine. Poslovno umre\u017eavanje privrednika organizovalo je Udru\u017eenje privrednika SITA (Serbian International Trade Association), uz podr\u0161ku Pokrajinske vlade, Skup\u0161tine AP Vojvodine i Privredne komore Vojvodine. Predstavnici doma\u0107ih kompanija imali su priliku da u toku dana\u0161njeg poslovnog susreta sa predstavnicima 10 kompanija iz Turske, predstave svoju poslovnu politiku, proizvodni program, kao i ponudu za zajedni\u010dko ulaganje i nastup na me\u0111unarodnom tr\u017ei\u0161tu. Potpredsednik Pokrajinske vlade i pokrajinski sekretar Miroslav Vasin se ovim povodom obratio privrednicima iz Turske, okupljenim u asocijaciji industrijalaca i biznismena Turske \u2013Tuskon, koja broji vi\u0161e od 200 hiljada \u010dlanova.\n<a class=\"moretag\" href=\"https:\/\/spriv.vojvodina.gov.rs\/rs\/poslovni-susreti-privrednika-iz-ap-vojvodine-i-turske-u-novom-sadu\/\"> [...]<\/a>","protected":false},"author":3,"featured_media":1099,"comment_status":"closed","ping_status":"closed","sticky":false,"template":"","format":"standard","meta":{"footnotes":""},"categories":[31],"tags":[],"class_list":["post-1107","post","type-post","status-publish","format-standard","has-post-thumbnail","hentry","category-vesti-latinica1"],"yoast_head":"<!-- This site is optimized with the Yoast SEO plugin v27.4 - https:\/\/yoast.com\/product\/yoast-seo-wordpress\/ -->\n<title>Poslovni susreti privrednika iz AP Vojvodine i Turske u Novom Sadu - \u041f\u043e\u043a\u0440\u0430\u0458\u0438\u043d\u0441\u043a\u0438 \u0441\u0435\u043a\u0440\u0435\u0442\u0430\u0440\u0438\u0458\u0430\u0442 \u0437\u0430 \u043f\u0440\u0438\u0432\u0440\u0435\u0434\u0443 \u0438 \u0442\u0443\u0440\u0438\u0437\u0430\u043c<\/title>\n<meta name=\"robots\" content=\"index, follow, max-snippet:-1, max-image-preview:large, max-video-preview:-1\" \/>\n<link rel=\"canonical\" href=\"https:\/\/spriv.vojvodina.gov.rs\/rs\/poslovni-susreti-privrednika-iz-ap-vojvodine-i-turske-u-novom-sadu\/\" \/>\n<meta property=\"og:locale\" content=\"sr_RS\" \/>\n<meta property=\"og:type\" content=\"article\" \/>\n<meta property=\"og:title\" content=\"Poslovni susreti privrednika iz AP Vojvodine i Turske u Novom Sadu - \u041f\u043e\u043a\u0440\u0430\u0458\u0438\u043d\u0441\u043a\u0438 \u0441\u0435\u043a\u0440\u0435\u0442\u0430\u0440\u0438\u0458\u0430\u0442 \u0437\u0430 \u043f\u0440\u0438\u0432\u0440\u0435\u0434\u0443 \u0438 \u0442\u0443\u0440\u0438\u0437\u0430\u043c\" \/>\n<meta property=\"og:description\" content=\"Novi Sad, 23. oktobar 2015. - Delegacija privrednika iz Turske, posetila je danas Pokrajinsku vladu i Skup\u0161tinu AP Vojvodine, gde su ih doma\u0107ini upoznali sa privrednim potencijalima na\u0161e pokrajine. U cilju ostvarivanja direktnih poslovnih partnerstava, u Skup\u0161tini AP Vojvodine uprili\u010deni su i B2B susreti privrednika iz Turske i Vojvodine. Poslovno umre\u017eavanje privrednika organizovalo je Udru\u017eenje privrednika SITA (Serbian International Trade Association), uz podr\u0161ku Pokrajinske vlade, Skup\u0161tine AP Vojvodine i Privredne komore Vojvodine. Predstavnici doma\u0107ih kompanija imali su priliku da u toku dana\u0161njeg poslovnog susreta sa predstavnicima 10 kompanija iz Turske, predstave svoju poslovnu politiku, proizvodni program, kao i ponudu za zajedni\u010dko ulaganje i nastup na me\u0111unarodnom tr\u017ei\u0161tu. Potpredsednik Pokrajinske vlade i pokrajinski sekretar Miroslav Vasin se ovim povodom obratio privrednicima iz Turske, okupljenim u asocijaciji industrijalaca i biznismena Turske \u2013Tuskon, koja broji vi\u0161e od 200 hiljada \u010dlanova.\" \/>\n<meta property=\"og:url\" content=\"https:\/\/spriv.vojvodina.gov.rs\/poslovni-susreti-privrednika-iz-ap-vojvodine-i-turske-u-novom-sadu\/\" \/>\n<meta property=\"og:site_name\" content=\"\u041f\u043e\u043a\u0440\u0430\u0458\u0438\u043d\u0441\u043a\u0438 \u0441\u0435\u043a\u0440\u0435\u0442\u0430\u0440\u0438\u0458\u0430\u0442 \u0437\u0430 \u043f\u0440\u0438\u0432\u0440\u0435\u0434\u0443 \u0438 \u0442\u0443\u0440\u0438\u0437\u0430\u043c\" \/>\n<meta property=\"article:published_time\" content=\"2015-10-24T10:09:09+00:00\" \/>\n<meta property=\"og:image\" content=\"https:\/\/spriv.vojvodina.gov.rs\/wp-content\/uploads\/2015\/10\/23102015_Vasin_Turska_mala.jpg\" \/>\n\t<meta property=\"og:image:width\" content=\"120\" \/>\n\t<meta property=\"og:image:height\" content=\"80\" \/>\n\t<meta property=\"og:image:type\" content=\"image\/jpeg\" \/>\n<meta name=\"author\" content=\"Sonja Babi\u0107\" \/>\n<meta name=\"twitter:card\" content=\"summary_large_image\" \/>\n<meta name=\"twitter:label1\" content=\"\u041d\u0430\u043f\u0438\u0441\u0430\u043d\u043e \u043e\u0434\" \/>\n\t<meta name=\"twitter:data1\" content=\"Sonja Babi\u0107\" \/>\n\t<meta name=\"twitter:label2\" content=\"\u041f\u0440\u043e\u0446\u0435\u045a\u0435\u043d\u043e \u0432\u0440\u0435\u043c\u0435 \u0447\u0438\u0442\u0430\u045a\u0430\" \/>\n\t<meta name=\"twitter:data2\" content=\"4 \u043c\u0438\u043d\u0443\u0442\u0430\" \/>\n<script type=\"application\/ld+json\" class=\"yoast-schema-graph\">{\"@context\":\"https:\\\/\\\/schema.org\",\"@graph\":[{\"@type\":\"Article\",\"@id\":\"https:\\\/\\\/spriv.vojvodina.gov.rs\\\/poslovni-susreti-privrednika-iz-ap-vojvodine-i-turske-u-novom-sadu\\\/#article\",\"isPartOf\":{\"@id\":\"https:\\\/\\\/spriv.vojvodina.gov.rs\\\/poslovni-susreti-privrednika-iz-ap-vojvodine-i-turske-u-novom-sadu\\\/\"},\"author\":{\"name\":\"Sonja Babi\u0107\",\"@id\":\"https:\\\/\\\/spriv.vojvodina.gov.rs\\\/#\\\/schema\\\/person\\\/749ef4f57fbb458f1c759e7a4fa78485\"},\"headline\":\"Poslovni susreti privrednika iz AP Vojvodine i Turske u Novom Sadu\",\"datePublished\":\"2015-10-24T10:09:09+00:00\",\"mainEntityOfPage\":{\"@id\":\"https:\\\/\\\/spriv.vojvodina.gov.rs\\\/poslovni-susreti-privrednika-iz-ap-vojvodine-i-turske-u-novom-sadu\\\/\"},\"wordCount\":731,\"image\":{\"@id\":\"https:\\\/\\\/spriv.vojvodina.gov.rs\\\/poslovni-susreti-privrednika-iz-ap-vojvodine-i-turske-u-novom-sadu\\\/#primaryimage\"},\"thumbnailUrl\":\"https:\\\/\\\/spriv.vojvodina.gov.rs\\\/wp-content\\\/uploads\\\/2015\\\/10\\\/23102015_Vasin_Turska_mala.jpg\",\"articleSection\":[\"Vesti Latinica\"],\"inLanguage\":\"sr-RS\"},{\"@type\":\"WebPage\",\"@id\":\"https:\\\/\\\/spriv.vojvodina.gov.rs\\\/poslovni-susreti-privrednika-iz-ap-vojvodine-i-turske-u-novom-sadu\\\/\",\"url\":\"https:\\\/\\\/spriv.vojvodina.gov.rs\\\/poslovni-susreti-privrednika-iz-ap-vojvodine-i-turske-u-novom-sadu\\\/\",\"name\":\"Poslovni susreti privrednika iz AP Vojvodine i Turske u Novom Sadu - \u041f\u043e\u043a\u0440\u0430\u0458\u0438\u043d\u0441\u043a\u0438 \u0441\u0435\u043a\u0440\u0435\u0442\u0430\u0440\u0438\u0458\u0430\u0442 \u0437\u0430 \u043f\u0440\u0438\u0432\u0440\u0435\u0434\u0443 \u0438 \u0442\u0443\u0440\u0438\u0437\u0430\u043c\",\"isPartOf\":{\"@id\":\"https:\\\/\\\/spriv.vojvodina.gov.rs\\\/#website\"},\"primaryImageOfPage\":{\"@id\":\"https:\\\/\\\/spriv.vojvodina.gov.rs\\\/poslovni-susreti-privrednika-iz-ap-vojvodine-i-turske-u-novom-sadu\\\/#primaryimage\"},\"image\":{\"@id\":\"https:\\\/\\\/spriv.vojvodina.gov.rs\\\/poslovni-susreti-privrednika-iz-ap-vojvodine-i-turske-u-novom-sadu\\\/#primaryimage\"},\"thumbnailUrl\":\"https:\\\/\\\/spriv.vojvodina.gov.rs\\\/wp-content\\\/uploads\\\/2015\\\/10\\\/23102015_Vasin_Turska_mala.jpg\",\"datePublished\":\"2015-10-24T10:09:09+00:00\",\"author\":{\"@id\":\"https:\\\/\\\/spriv.vojvodina.gov.rs\\\/#\\\/schema\\\/person\\\/749ef4f57fbb458f1c759e7a4fa78485\"},\"breadcrumb\":{\"@id\":\"https:\\\/\\\/spriv.vojvodina.gov.rs\\\/poslovni-susreti-privrednika-iz-ap-vojvodine-i-turske-u-novom-sadu\\\/#breadcrumb\"},\"inLanguage\":\"sr-RS\",\"potentialAction\":[{\"@type\":\"ReadAction\",\"target\":[\"https:\\\/\\\/spriv.vojvodina.gov.rs\\\/poslovni-susreti-privrednika-iz-ap-vojvodine-i-turske-u-novom-sadu\\\/\"]}]},{\"@type\":\"ImageObject\",\"inLanguage\":\"sr-RS\",\"@id\":\"https:\\\/\\\/spriv.vojvodina.gov.rs\\\/poslovni-susreti-privrednika-iz-ap-vojvodine-i-turske-u-novom-sadu\\\/#primaryimage\",\"url\":\"https:\\\/\\\/spriv.vojvodina.gov.rs\\\/wp-content\\\/uploads\\\/2015\\\/10\\\/23102015_Vasin_Turska_mala.jpg\",\"contentUrl\":\"https:\\\/\\\/spriv.vojvodina.gov.rs\\\/wp-content\\\/uploads\\\/2015\\\/10\\\/23102015_Vasin_Turska_mala.jpg\",\"width\":120,\"height\":80},{\"@type\":\"BreadcrumbList\",\"@id\":\"https:\\\/\\\/spriv.vojvodina.gov.rs\\\/poslovni-susreti-privrednika-iz-ap-vojvodine-i-turske-u-novom-sadu\\\/#breadcrumb\",\"itemListElement\":[{\"@type\":\"ListItem\",\"position\":1,\"name\":\"Home\",\"item\":\"https:\\\/\\\/spriv.vojvodina.gov.rs\\\/\"},{\"@type\":\"ListItem\",\"position\":2,\"name\":\"Poslovni susreti privrednika iz AP Vojvodine i Turske u Novom Sadu\"}]},{\"@type\":\"WebSite\",\"@id\":\"https:\\\/\\\/spriv.vojvodina.gov.rs\\\/#website\",\"url\":\"https:\\\/\\\/spriv.vojvodina.gov.rs\\\/\",\"name\":\"\u041f\u043e\u043a\u0440\u0430\u0458\u0438\u043d\u0441\u043a\u0438 \u0441\u0435\u043a\u0440\u0435\u0442\u0430\u0440\u0438\u0458\u0430\u0442 \u0437\u0430 \u043f\u0440\u0438\u0432\u0440\u0435\u0434\u0443 \u0438 \u0442\u0443\u0440\u0438\u0437\u0430\u043c\",\"description\":\"\u041f\u043e\u043a\u0440\u0430\u0458\u0438\u043d\u0441\u043a\u0438 \u0441\u0435\u043a\u0440\u0435\u0442\u0430\u0440\u0438\u0458\u0430\u0442 \u0437\u0430 \u043f\u0440\u0438\u0432\u0440\u0435\u0434\u0443 \u0438 \u0442\u0443\u0440\u0438\u0437\u0430\u043c\",\"potentialAction\":[{\"@type\":\"SearchAction\",\"target\":{\"@type\":\"EntryPoint\",\"urlTemplate\":\"https:\\\/\\\/spriv.vojvodina.gov.rs\\\/?s={search_term_string}\"},\"query-input\":{\"@type\":\"PropertyValueSpecification\",\"valueRequired\":true,\"valueName\":\"search_term_string\"}}],\"inLanguage\":\"sr-RS\"},{\"@type\":\"Person\",\"@id\":\"https:\\\/\\\/spriv.vojvodina.gov.rs\\\/#\\\/schema\\\/person\\\/749ef4f57fbb458f1c759e7a4fa78485\",\"name\":\"Sonja Babi\u0107\",\"image\":{\"@type\":\"ImageObject\",\"inLanguage\":\"sr-RS\",\"@id\":\"https:\\\/\\\/secure.gravatar.com\\\/avatar\\\/00a1d182a20a59067af1e7b1c31cbcc3be1a456ee4b27746580e120c2582e5bd?s=96&d=mm&r=g\",\"url\":\"https:\\\/\\\/secure.gravatar.com\\\/avatar\\\/00a1d182a20a59067af1e7b1c31cbcc3be1a456ee4b27746580e120c2582e5bd?s=96&d=mm&r=g\",\"contentUrl\":\"https:\\\/\\\/secure.gravatar.com\\\/avatar\\\/00a1d182a20a59067af1e7b1c31cbcc3be1a456ee4b27746580e120c2582e5bd?s=96&d=mm&r=g\",\"caption\":\"Sonja Babi\u0107\"},\"url\":\"https:\\\/\\\/spriv.vojvodina.gov.rs\\\/rs\\\/author\\\/sonja-babic\\\/\"}]}<\/script>\n<!-- \/ Yoast SEO plugin. -->","yoast_head_json":{"title":"Poslovni susreti privrednika iz AP Vojvodine i Turske u Novom Sadu - \u041f\u043e\u043a\u0440\u0430\u0458\u0438\u043d\u0441\u043a\u0438 \u0441\u0435\u043a\u0440\u0435\u0442\u0430\u0440\u0438\u0458\u0430\u0442 \u0437\u0430 \u043f\u0440\u0438\u0432\u0440\u0435\u0434\u0443 \u0438 \u0442\u0443\u0440\u0438\u0437\u0430\u043c","robots":{"index":"index","follow":"follow","max-snippet":"max-snippet:-1","max-image-preview":"max-image-preview:large","max-video-preview":"max-video-preview:-1"},"canonical":"https:\/\/spriv.vojvodina.gov.rs\/rs\/poslovni-susreti-privrednika-iz-ap-vojvodine-i-turske-u-novom-sadu\/","og_locale":"sr_RS","og_type":"article","og_title":"Poslovni susreti privrednika iz AP Vojvodine i Turske u Novom Sadu - \u041f\u043e\u043a\u0440\u0430\u0458\u0438\u043d\u0441\u043a\u0438 \u0441\u0435\u043a\u0440\u0435\u0442\u0430\u0440\u0438\u0458\u0430\u0442 \u0437\u0430 \u043f\u0440\u0438\u0432\u0440\u0435\u0434\u0443 \u0438 \u0442\u0443\u0440\u0438\u0437\u0430\u043c","og_description":"Novi Sad, 23. oktobar 2015. - Delegacija privrednika iz Turske, posetila je danas Pokrajinsku vladu i Skup\u0161tinu AP Vojvodine, gde su ih doma\u0107ini upoznali sa privrednim potencijalima na\u0161e pokrajine. U cilju ostvarivanja direktnih poslovnih partnerstava, u Skup\u0161tini AP Vojvodine uprili\u010deni su i B2B susreti privrednika iz Turske i Vojvodine. Poslovno umre\u017eavanje privrednika organizovalo je Udru\u017eenje privrednika SITA (Serbian International Trade Association), uz podr\u0161ku Pokrajinske vlade, Skup\u0161tine AP Vojvodine i Privredne komore Vojvodine. Predstavnici doma\u0107ih kompanija imali su priliku da u toku dana\u0161njeg poslovnog susreta sa predstavnicima 10 kompanija iz Turske, predstave svoju poslovnu politiku, proizvodni program, kao i ponudu za zajedni\u010dko ulaganje i nastup na me\u0111unarodnom tr\u017ei\u0161tu. Potpredsednik Pokrajinske vlade i pokrajinski sekretar Miroslav Vasin se ovim povodom obratio privrednicima iz Turske, okupljenim u asocijaciji industrijalaca i biznismena Turske \u2013Tuskon, koja broji vi\u0161e od 200 hiljada \u010dlanova.","og_url":"https:\/\/spriv.vojvodina.gov.rs\/poslovni-susreti-privrednika-iz-ap-vojvodine-i-turske-u-novom-sadu\/","og_site_name":"\u041f\u043e\u043a\u0440\u0430\u0458\u0438\u043d\u0441\u043a\u0438 \u0441\u0435\u043a\u0440\u0435\u0442\u0430\u0440\u0438\u0458\u0430\u0442 \u0437\u0430 \u043f\u0440\u0438\u0432\u0440\u0435\u0434\u0443 \u0438 \u0442\u0443\u0440\u0438\u0437\u0430\u043c","article_published_time":"2015-10-24T10:09:09+00:00","og_image":[{"width":120,"height":80,"url":"https:\/\/spriv.vojvodina.gov.rs\/wp-content\/uploads\/2015\/10\/23102015_Vasin_Turska_mala.jpg","type":"image\/jpeg"}],"author":"Sonja Babi\u0107","twitter_card":"summary_large_image","twitter_misc":{"\u041d\u0430\u043f\u0438\u0441\u0430\u043d\u043e \u043e\u0434":"Sonja Babi\u0107","\u041f\u0440\u043e\u0446\u0435\u045a\u0435\u043d\u043e \u0432\u0440\u0435\u043c\u0435 \u0447\u0438\u0442\u0430\u045a\u0430":"4 \u043c\u0438\u043d\u0443\u0442\u0430"},"schema":{"@context":"https:\/\/schema.org","@graph":[{"@type":"Article","@id":"https:\/\/spriv.vojvodina.gov.rs\/poslovni-susreti-privrednika-iz-ap-vojvodine-i-turske-u-novom-sadu\/#article","isPartOf":{"@id":"https:\/\/spriv.vojvodina.gov.rs\/poslovni-susreti-privrednika-iz-ap-vojvodine-i-turske-u-novom-sadu\/"},"author":{"name":"Sonja Babi\u0107","@id":"https:\/\/spriv.vojvodina.gov.rs\/#\/schema\/person\/749ef4f57fbb458f1c759e7a4fa78485"},"headline":"Poslovni susreti privrednika iz AP Vojvodine i Turske u Novom Sadu","datePublished":"2015-10-24T10:09:09+00:00","mainEntityOfPage":{"@id":"https:\/\/spriv.vojvodina.gov.rs\/poslovni-susreti-privrednika-iz-ap-vojvodine-i-turske-u-novom-sadu\/"},"wordCount":731,"image":{"@id":"https:\/\/spriv.vojvodina.gov.rs\/poslovni-susreti-privrednika-iz-ap-vojvodine-i-turske-u-novom-sadu\/#primaryimage"},"thumbnailUrl":"https:\/\/spriv.vojvodina.gov.rs\/wp-content\/uploads\/2015\/10\/23102015_Vasin_Turska_mala.jpg","articleSection":["Vesti Latinica"],"inLanguage":"sr-RS"},{"@type":"WebPage","@id":"https:\/\/spriv.vojvodina.gov.rs\/poslovni-susreti-privrednika-iz-ap-vojvodine-i-turske-u-novom-sadu\/","url":"https:\/\/spriv.vojvodina.gov.rs\/poslovni-susreti-privrednika-iz-ap-vojvodine-i-turske-u-novom-sadu\/","name":"Poslovni susreti privrednika iz AP Vojvodine i Turske u Novom Sadu - \u041f\u043e\u043a\u0440\u0430\u0458\u0438\u043d\u0441\u043a\u0438 \u0441\u0435\u043a\u0440\u0435\u0442\u0430\u0440\u0438\u0458\u0430\u0442 \u0437\u0430 \u043f\u0440\u0438\u0432\u0440\u0435\u0434\u0443 \u0438 \u0442\u0443\u0440\u0438\u0437\u0430\u043c","isPartOf":{"@id":"https:\/\/spriv.vojvodina.gov.rs\/#website"},"primaryImageOfPage":{"@id":"https:\/\/spriv.vojvodina.gov.rs\/poslovni-susreti-privrednika-iz-ap-vojvodine-i-turske-u-novom-sadu\/#primaryimage"},"image":{"@id":"https:\/\/spriv.vojvodina.gov.rs\/poslovni-susreti-privrednika-iz-ap-vojvodine-i-turske-u-novom-sadu\/#primaryimage"},"thumbnailUrl":"https:\/\/spriv.vojvodina.gov.rs\/wp-content\/uploads\/2015\/10\/23102015_Vasin_Turska_mala.jpg","datePublished":"2015-10-24T10:09:09+00:00","author":{"@id":"https:\/\/spriv.vojvodina.gov.rs\/#\/schema\/person\/749ef4f57fbb458f1c759e7a4fa78485"},"breadcrumb":{"@id":"https:\/\/spriv.vojvodina.gov.rs\/poslovni-susreti-privrednika-iz-ap-vojvodine-i-turske-u-novom-sadu\/#breadcrumb"},"inLanguage":"sr-RS","potentialAction":[{"@type":"ReadAction","target":["https:\/\/spriv.vojvodina.gov.rs\/poslovni-susreti-privrednika-iz-ap-vojvodine-i-turske-u-novom-sadu\/"]}]},{"@type":"ImageObject","inLanguage":"sr-RS","@id":"https:\/\/spriv.vojvodina.gov.rs\/poslovni-susreti-privrednika-iz-ap-vojvodine-i-turske-u-novom-sadu\/#primaryimage","url":"https:\/\/spriv.vojvodina.gov.rs\/wp-content\/uploads\/2015\/10\/23102015_Vasin_Turska_mala.jpg","contentUrl":"https:\/\/spriv.vojvodina.gov.rs\/wp-content\/uploads\/2015\/10\/23102015_Vasin_Turska_mala.jpg","width":120,"height":80},{"@type":"BreadcrumbList","@id":"https:\/\/spriv.vojvodina.gov.rs\/poslovni-susreti-privrednika-iz-ap-vojvodine-i-turske-u-novom-sadu\/#breadcrumb","itemListElement":[{"@type":"ListItem","position":1,"name":"Home","item":"https:\/\/spriv.vojvodina.gov.rs\/"},{"@type":"ListItem","position":2,"name":"Poslovni susreti privrednika iz AP Vojvodine i Turske u Novom Sadu"}]},{"@type":"WebSite","@id":"https:\/\/spriv.vojvodina.gov.rs\/#website","url":"https:\/\/spriv.vojvodina.gov.rs\/","name":"\u041f\u043e\u043a\u0440\u0430\u0458\u0438\u043d\u0441\u043a\u0438 \u0441\u0435\u043a\u0440\u0435\u0442\u0430\u0440\u0438\u0458\u0430\u0442 \u0437\u0430 \u043f\u0440\u0438\u0432\u0440\u0435\u0434\u0443 \u0438 \u0442\u0443\u0440\u0438\u0437\u0430\u043c","description":"\u041f\u043e\u043a\u0440\u0430\u0458\u0438\u043d\u0441\u043a\u0438 \u0441\u0435\u043a\u0440\u0435\u0442\u0430\u0440\u0438\u0458\u0430\u0442 \u0437\u0430 \u043f\u0440\u0438\u0432\u0440\u0435\u0434\u0443 \u0438 \u0442\u0443\u0440\u0438\u0437\u0430\u043c","potentialAction":[{"@type":"SearchAction","target":{"@type":"EntryPoint","urlTemplate":"https:\/\/spriv.vojvodina.gov.rs\/?s={search_term_string}"},"query-input":{"@type":"PropertyValueSpecification","valueRequired":true,"valueName":"search_term_string"}}],"inLanguage":"sr-RS"},{"@type":"Person","@id":"https:\/\/spriv.vojvodina.gov.rs\/#\/schema\/person\/749ef4f57fbb458f1c759e7a4fa78485","name":"Sonja Babi\u0107","image":{"@type":"ImageObject","inLanguage":"sr-RS","@id":"https:\/\/secure.gravatar.com\/avatar\/00a1d182a20a59067af1e7b1c31cbcc3be1a456ee4b27746580e120c2582e5bd?s=96&d=mm&r=g","url":"https:\/\/secure.gravatar.com\/avatar\/00a1d182a20a59067af1e7b1c31cbcc3be1a456ee4b27746580e120c2582e5bd?s=96&d=mm&r=g","contentUrl":"https:\/\/secure.gravatar.com\/avatar\/00a1d182a20a59067af1e7b1c31cbcc3be1a456ee4b27746580e120c2582e5bd?s=96&d=mm&r=g","caption":"Sonja Babi\u0107"},"url":"https:\/\/spriv.vojvodina.gov.rs\/rs\/author\/sonja-babic\/"}]}},"_links":{"self":[{"href":"https:\/\/spriv.vojvodina.gov.rs\/rs\/wp-json\/wp\/v2\/posts\/1107","targetHints":{"allow":["GET"]}}],"collection":[{"href":"https:\/\/spriv.vojvodina.gov.rs\/rs\/wp-json\/wp\/v2\/posts"}],"about":[{"href":"https:\/\/spriv.vojvodina.gov.rs\/rs\/wp-json\/wp\/v2\/types\/post"}],"author":[{"embeddable":true,"href":"https:\/\/spriv.vojvodina.gov.rs\/rs\/wp-json\/wp\/v2\/users\/3"}],"replies":[{"embeddable":true,"href":"https:\/\/spriv.vojvodina.gov.rs\/rs\/wp-json\/wp\/v2\/comments?post=1107"}],"version-history":[{"count":0,"href":"https:\/\/spriv.vojvodina.gov.rs\/rs\/wp-json\/wp\/v2\/posts\/1107\/revisions"}],"wp:featuredmedia":[{"embeddable":true,"href":"https:\/\/spriv.vojvodina.gov.rs\/rs\/wp-json\/wp\/v2\/media\/1099"}],"wp:attachment":[{"href":"https:\/\/spriv.vojvodina.gov.rs\/rs\/wp-json\/wp\/v2\/media?parent=1107"}],"wp:term":[{"taxonomy":"category","embeddable":true,"href":"https:\/\/spriv.vojvodina.gov.rs\/rs\/wp-json\/wp\/v2\/categories?post=1107"},{"taxonomy":"post_tag","embeddable":true,"href":"https:\/\/spriv.vojvodina.gov.rs\/rs\/wp-json\/wp\/v2\/tags?post=1107"}],"curies":[{"name":"wp","href":"https:\/\/api.w.org\/{rel}","templated":true}]}}