{"id":1081,"date":"2015-10-16T09:15:11","date_gmt":"2015-10-16T09:15:11","guid":{"rendered":"http:\/\/spriv.vojvodina.gov.rs\/2015\/10\/16\/miroslav-vasin-posetio-generalni-konzulat-crne-gore-u-sremskim-karlovcima\/"},"modified":"2015-10-16T09:15:11","modified_gmt":"2015-10-16T09:15:11","slug":"miroslav-vasin-posetio-generalni-konzulat-crne-gore-u-sremskim-karlovcima","status":"publish","type":"post","link":"https:\/\/spriv.vojvodina.gov.rs\/rs\/miroslav-vasin-posetio-generalni-konzulat-crne-gore-u-sremskim-karlovcima\/","title":{"rendered":"Miroslav Vasin posetio Generalni konzulat Crne Gore u Sremskim Karlovcima"},"content":{"rendered":"<p style=\"text-align: justify;\"><strong><img loading=\"lazy\" decoding=\"async\" class=\" alignleft size-full wp-image-1072\" src=\"http:\/\/spriv.vojvodina.gov.rs\/wp-content\/uploads\/2015\/10\/15102015_Vasin_konzulat_mala.jpg\" border=\"0\" alt=\"\" align=\"left\" width=\"120\" height=\"80\" \/>Sremski Karlovci, 15. oktobar 2015.<\/strong> &#8211; Potpredsednik Pokrajinske vlade i pokrajinski sekretar za privredu, zapo\u0161ljavanje i ravnopravnost polova Miroslav Vasin, posetio je danas Generalni konzulat Crne Gore, koji je letos otpo\u010deo sa radom u zgradi Magistrata u Sremskim Karlovcima, gde se sastao sa generalnim konzulom Miodragom Kankara\u0161om. Pored potpredsednika Vasina, susretu su prisustvovali i Miodrag Jovovi\u0107, zamenik pokrajinske sekretarke za sport i omladinu i predstavnici Nacionalnog saveta crnogorske nacionalne zajednice u AP Vojvodini. Potpredsednik Pokrajinske vlade je ovom prilikom istakao zadovoljstvo, \u0161to je danas u ime Pokrajinske vlade u zvani\u010dnoj poseti crnogorskom konzulatu u Sremskim Karlovcima, a sve u cilju ja\u010danja saradnje izme\u0111u crnogorskih i vojvo\u0111anskih institucija, u okviru ukupne saradnje dr\u017eava Srbije i Crne Gore.<\/p>\n<p style=\"text-align: center;\"><img loading=\"lazy\" decoding=\"async\" class=\" size-full wp-image-1073\" src=\"http:\/\/spriv.vojvodina.gov.rs\/wp-content\/uploads\/2015\/10\/15102015_Vasin_konzulat4.jpg\" border=\"0\" alt=\"\" width=\"580\" height=\"387\" srcset=\"https:\/\/spriv.vojvodina.gov.rs\/wp-content\/uploads\/2015\/10\/15102015_Vasin_konzulat4.jpg 580w, https:\/\/spriv.vojvodina.gov.rs\/wp-content\/uploads\/2015\/10\/15102015_Vasin_konzulat4-300x200.jpg 300w\" sizes=\"auto, (max-width: 580px) 100vw, 580px\" \/><\/p>\n<p style=\"text-align: justify;\">\u201eSigurno je da je osnivanje Nacionalnog saveta crnogorske nacionalne zajednice ne\u0161to \u0161to je veoma dobro i \u0161to je bio cilj Pokrajinske vlade. Delovanje Saveta \u0107e sigurno doprineti boljem polo\u017eaju crnogorske nacionalne zajednice ovde u Srbiji, ali i unapre\u0111ivanju kulturnih i drugih vidova postoje\u0107e saradnje me\u0111u na\u0161im narodima. Sigurno je da \u0107e Pokrajinska vlada dati pun doprinos funkcionisanju ove institucije, kao i ukupnoj razmeni privrednih i kulturnih dobara izme\u0111u op\u0161tina na teritoriji AP Vojvodine i op\u0161tina u Crnoj Gori. A u okviru ukupne privredne saradnje Srbije i Crne Gore trudi\u0107emo se da uloga Vojvodine bude \u0161to zna\u010dajnija\u201c, naglasio je potpredsednik Vasin i naveo da je otvaranje crnogorskog konzulata u Sremskim Karlovcima, odnosno Vojvodini veoma zna\u010dajno i izrazio uverenje da \u0107e upravo iz tog razloga, rezultati na\u0161e ukupne saradnje sa Crnom Gorom ostvariti zna\u010dajan uspeh.<\/p>\n<p style=\"text-align: justify;\"><img loading=\"lazy\" decoding=\"async\" class=\" size-full wp-image-1074\" src=\"http:\/\/spriv.vojvodina.gov.rs\/wp-content\/uploads\/2015\/10\/15102015_Vasin_konzulat1.jpg\" border=\"0\" alt=\"\" style=\"display: block; margin-left: auto; margin-right: auto;\" width=\"580\" height=\"387\" srcset=\"https:\/\/spriv.vojvodina.gov.rs\/wp-content\/uploads\/2015\/10\/15102015_Vasin_konzulat1.jpg 580w, https:\/\/spriv.vojvodina.gov.rs\/wp-content\/uploads\/2015\/10\/15102015_Vasin_konzulat1-300x200.jpg 300w\" sizes=\"auto, (max-width: 580px) 100vw, 580px\" \/><br \/>Potpredsednik Vasin je ovom prilikom uputio zvani\u010dan poziv generalnom konzulu Crne Gore Kankara\u0161u da poseti Pokrajinsku vladu.<\/p>\n<p style=\"text-align: justify;\"><img loading=\"lazy\" decoding=\"async\" class=\" size-full wp-image-1075\" src=\"http:\/\/spriv.vojvodina.gov.rs\/wp-content\/uploads\/2015\/10\/15102015_Vasin_konzulat2.jpg\" border=\"0\" alt=\"\" style=\"display: block; margin-left: auto; margin-right: auto;\" width=\"580\" height=\"387\" srcset=\"https:\/\/spriv.vojvodina.gov.rs\/wp-content\/uploads\/2015\/10\/15102015_Vasin_konzulat2.jpg 580w, https:\/\/spriv.vojvodina.gov.rs\/wp-content\/uploads\/2015\/10\/15102015_Vasin_konzulat2-300x200.jpg 300w\" sizes=\"auto, (max-width: 580px) 100vw, 580px\" \/><br \/>Otvoreni konzulat u zgradi Magistrata je drugi crnogorski konzulat u na\u0161oj zemlji, pored odeljenja koje radi pri ambasadi u Beogradu. Funkcionisa\u0107e kao stalna misija Crne Gore, gde se, kako je rekao generalni konzul Miodragom Kankara\u0161om zastupaju, \u0161tite i promovi\u0161u interesi i pru\u017ea konzularna za\u0161tita dr\u017eavljanima te republike.<\/p>\n<p style=\"text-align: center;\"><img loading=\"lazy\" decoding=\"async\" class=\" size-full wp-image-1076\" src=\"http:\/\/spriv.vojvodina.gov.rs\/wp-content\/uploads\/2015\/10\/15102015_Vasin_konzulat5.jpg\" border=\"0\" alt=\"\" width=\"580\" height=\"387\" srcset=\"https:\/\/spriv.vojvodina.gov.rs\/wp-content\/uploads\/2015\/10\/15102015_Vasin_konzulat5.jpg 580w, https:\/\/spriv.vojvodina.gov.rs\/wp-content\/uploads\/2015\/10\/15102015_Vasin_konzulat5-300x200.jpg 300w\" sizes=\"auto, (max-width: 580px) 100vw, 580px\" \/><\/p>\n<p style=\"text-align: justify;\">,,Crna Gora je osetila potrebu da na jedan kvalitetniji na\u010din vodi ra\u010duna o svojoj dijaspori, a najbrojnija crnogorska populacija koja se iselila je upravo ovde. Stoga je bilo prirodno da Crna Gora otvori ovaj Konzulat u Republici Srbiji. Isto tako, va\u017eno je da vodimo ra\u010duna i o ne\u010demu \u0161to se zove ekonomska diplomatija. Zadatak nam je povezivanje dve privrede, pogotovo u oblasti turizma. Crna Gora je bila i zemlja partner na Novosadskom sajmu, gde je pru\u017eila ruku partnerstva svakom gra\u0111aninu Srbije i Vojvodine\u201c, kazao je ovom prilikom Miodrag Kankara\u0161 i naveo da je osnovni zadatak crnogorskog konzulata pored ja\u010danja saradnje izme\u0111u Crne Gore i Srbije, odnosno Vojvodine, \u010duvanje mostova saradnje pripadnika crnogorske nacionalne zajednice sa svojom maticom.<\/p>\n<p style=\"text-align: center;\"><img loading=\"lazy\" decoding=\"async\" class=\" size-full wp-image-1077\" src=\"http:\/\/spriv.vojvodina.gov.rs\/wp-content\/uploads\/2015\/10\/15102015_Vasin_konzulat3.jpg\" border=\"0\" alt=\"\" width=\"580\" height=\"387\" srcset=\"https:\/\/spriv.vojvodina.gov.rs\/wp-content\/uploads\/2015\/10\/15102015_Vasin_konzulat3.jpg 580w, https:\/\/spriv.vojvodina.gov.rs\/wp-content\/uploads\/2015\/10\/15102015_Vasin_konzulat3-300x200.jpg 300w\" sizes=\"auto, (max-width: 580px) 100vw, 580px\" \/><\/p>\n<p style=\"text-align: justify;\">U Konzulatu \u0107e mo\u0107i da se uradi sve ono \u0161to je crnogorskim dr\u017eavljanima ovde potrebno, poput izvoda iz knjiga ro\u0111enih, ven\u010danih ili umrlih i izvoda o dr\u017eavljanstvu.<\/p>\n<p style=\"text-align: center;\"><img loading=\"lazy\" decoding=\"async\" class=\" size-full wp-image-1078\" src=\"http:\/\/spriv.vojvodina.gov.rs\/wp-content\/uploads\/2015\/10\/15102015_Vasin_konzulat7.jpg\" border=\"0\" alt=\"\" width=\"580\" height=\"387\" srcset=\"https:\/\/spriv.vojvodina.gov.rs\/wp-content\/uploads\/2015\/10\/15102015_Vasin_konzulat7.jpg 580w, https:\/\/spriv.vojvodina.gov.rs\/wp-content\/uploads\/2015\/10\/15102015_Vasin_konzulat7-300x200.jpg 300w\" sizes=\"auto, (max-width: 580px) 100vw, 580px\" \/><\/p>\n<p style=\"text-align: center;\"><img loading=\"lazy\" decoding=\"async\" class=\" size-full wp-image-1079\" src=\"http:\/\/spriv.vojvodina.gov.rs\/wp-content\/uploads\/2015\/10\/15102015_Vasin_konzulat6.jpg\" border=\"0\" alt=\"\" width=\"580\" height=\"387\" srcset=\"https:\/\/spriv.vojvodina.gov.rs\/wp-content\/uploads\/2015\/10\/15102015_Vasin_konzulat6.jpg 580w, https:\/\/spriv.vojvodina.gov.rs\/wp-content\/uploads\/2015\/10\/15102015_Vasin_konzulat6-300x200.jpg 300w\" sizes=\"auto, (max-width: 580px) 100vw, 580px\" \/><\/p>\n","protected":false},"excerpt":{"rendered":"Sremski Karlovci, 15. oktobar 2015. &#8211; Potpredsednik Pokrajinske vlade i pokrajinski sekretar za privredu, zapo\u0161ljavanje i ravnopravnost polova Miroslav Vasin, posetio je danas Generalni konzulat Crne Gore, koji je letos otpo\u010deo sa radom u zgradi Magistrata u Sremskim Karlovcima, gde se sastao sa generalnim konzulom Miodragom Kankara\u0161om. Pored potpredsednika Vasina, susretu su prisustvovali i Miodrag Jovovi\u0107, zamenik pokrajinske sekretarke za sport i omladinu i predstavnici Nacionalnog saveta crnogorske nacionalne zajednice u AP Vojvodini. Potpredsednik Pokrajinske vlade je ovom prilikom istakao zadovoljstvo, \u0161to je danas u ime Pokrajinske vlade u zvani\u010dnoj poseti crnogorskom konzulatu u Sremskim Karlovcima, a sve u cilju ja\u010danja saradnje izme\u0111u crnogorskih i vojvo\u0111anskih institucija, u okviru ukupne saradnje dr\u017eava Srbije i Crne Gore.\n<a class=\"moretag\" href=\"https:\/\/spriv.vojvodina.gov.rs\/rs\/miroslav-vasin-posetio-generalni-konzulat-crne-gore-u-sremskim-karlovcima\/\"> [...]<\/a>","protected":false},"author":3,"featured_media":1072,"comment_status":"closed","ping_status":"closed","sticky":false,"template":"","format":"standard","meta":{"footnotes":""},"categories":[31],"tags":[],"class_list":["post-1081","post","type-post","status-publish","format-standard","has-post-thumbnail","hentry","category-vesti-latinica1"],"yoast_head":"<!-- This site is optimized with the Yoast SEO plugin v27.4 - https:\/\/yoast.com\/product\/yoast-seo-wordpress\/ -->\n<title>Miroslav Vasin posetio Generalni konzulat Crne Gore u Sremskim Karlovcima - \u041f\u043e\u043a\u0440\u0430\u0458\u0438\u043d\u0441\u043a\u0438 \u0441\u0435\u043a\u0440\u0435\u0442\u0430\u0440\u0438\u0458\u0430\u0442 \u0437\u0430 \u043f\u0440\u0438\u0432\u0440\u0435\u0434\u0443 \u0438 \u0442\u0443\u0440\u0438\u0437\u0430\u043c<\/title>\n<meta name=\"robots\" content=\"index, follow, max-snippet:-1, max-image-preview:large, max-video-preview:-1\" \/>\n<link rel=\"canonical\" href=\"https:\/\/spriv.vojvodina.gov.rs\/rs\/miroslav-vasin-posetio-generalni-konzulat-crne-gore-u-sremskim-karlovcima\/\" \/>\n<meta property=\"og:locale\" content=\"sr_RS\" \/>\n<meta property=\"og:type\" content=\"article\" \/>\n<meta property=\"og:title\" content=\"Miroslav Vasin posetio Generalni konzulat Crne Gore u Sremskim Karlovcima - \u041f\u043e\u043a\u0440\u0430\u0458\u0438\u043d\u0441\u043a\u0438 \u0441\u0435\u043a\u0440\u0435\u0442\u0430\u0440\u0438\u0458\u0430\u0442 \u0437\u0430 \u043f\u0440\u0438\u0432\u0440\u0435\u0434\u0443 \u0438 \u0442\u0443\u0440\u0438\u0437\u0430\u043c\" \/>\n<meta property=\"og:description\" content=\"Sremski Karlovci, 15. oktobar 2015. - Potpredsednik Pokrajinske vlade i pokrajinski sekretar za privredu, zapo\u0161ljavanje i ravnopravnost polova Miroslav Vasin, posetio je danas Generalni konzulat Crne Gore, koji je letos otpo\u010deo sa radom u zgradi Magistrata u Sremskim Karlovcima, gde se sastao sa generalnim konzulom Miodragom Kankara\u0161om. Pored potpredsednika Vasina, susretu su prisustvovali i Miodrag Jovovi\u0107, zamenik pokrajinske sekretarke za sport i omladinu i predstavnici Nacionalnog saveta crnogorske nacionalne zajednice u AP Vojvodini. Potpredsednik Pokrajinske vlade je ovom prilikom istakao zadovoljstvo, \u0161to je danas u ime Pokrajinske vlade u zvani\u010dnoj poseti crnogorskom konzulatu u Sremskim Karlovcima, a sve u cilju ja\u010danja saradnje izme\u0111u crnogorskih i vojvo\u0111anskih institucija, u okviru ukupne saradnje dr\u017eava Srbije i Crne Gore.\" \/>\n<meta property=\"og:url\" content=\"https:\/\/spriv.vojvodina.gov.rs\/rs\/miroslav-vasin-posetio-generalni-konzulat-crne-gore-u-sremskim-karlovcima\/\" \/>\n<meta property=\"og:site_name\" content=\"\u041f\u043e\u043a\u0440\u0430\u0458\u0438\u043d\u0441\u043a\u0438 \u0441\u0435\u043a\u0440\u0435\u0442\u0430\u0440\u0438\u0458\u0430\u0442 \u0437\u0430 \u043f\u0440\u0438\u0432\u0440\u0435\u0434\u0443 \u0438 \u0442\u0443\u0440\u0438\u0437\u0430\u043c\" \/>\n<meta property=\"article:published_time\" content=\"2015-10-16T09:15:11+00:00\" \/>\n<meta property=\"og:image\" content=\"https:\/\/spriv.vojvodina.gov.rs\/wp-content\/uploads\/2015\/10\/15102015_Vasin_konzulat_mala.jpg\" \/>\n\t<meta property=\"og:image:width\" content=\"120\" \/>\n\t<meta property=\"og:image:height\" content=\"80\" \/>\n\t<meta property=\"og:image:type\" content=\"image\/jpeg\" \/>\n<meta name=\"author\" content=\"Sonja Babi\u0107\" \/>\n<meta name=\"twitter:card\" content=\"summary_large_image\" \/>\n<meta name=\"twitter:label1\" content=\"\u041d\u0430\u043f\u0438\u0441\u0430\u043d\u043e \u043e\u0434\" \/>\n\t<meta name=\"twitter:data1\" content=\"Sonja Babi\u0107\" \/>\n\t<meta name=\"twitter:label2\" content=\"\u041f\u0440\u043e\u0446\u0435\u045a\u0435\u043d\u043e \u0432\u0440\u0435\u043c\u0435 \u0447\u0438\u0442\u0430\u045a\u0430\" \/>\n\t<meta name=\"twitter:data2\" content=\"3 \u043c\u0438\u043d\u0443\u0442\u0430\" \/>\n<script type=\"application\/ld+json\" class=\"yoast-schema-graph\">{\"@context\":\"https:\\\/\\\/schema.org\",\"@graph\":[{\"@type\":\"Article\",\"@id\":\"https:\\\/\\\/spriv.vojvodina.gov.rs\\\/rs\\\/miroslav-vasin-posetio-generalni-konzulat-crne-gore-u-sremskim-karlovcima\\\/#article\",\"isPartOf\":{\"@id\":\"https:\\\/\\\/spriv.vojvodina.gov.rs\\\/rs\\\/miroslav-vasin-posetio-generalni-konzulat-crne-gore-u-sremskim-karlovcima\\\/\"},\"author\":{\"name\":\"Sonja Babi\u0107\",\"@id\":\"https:\\\/\\\/spriv.vojvodina.gov.rs\\\/#\\\/schema\\\/person\\\/749ef4f57fbb458f1c759e7a4fa78485\"},\"headline\":\"Miroslav Vasin posetio Generalni konzulat Crne Gore u Sremskim Karlovcima\",\"datePublished\":\"2015-10-16T09:15:11+00:00\",\"mainEntityOfPage\":{\"@id\":\"https:\\\/\\\/spriv.vojvodina.gov.rs\\\/rs\\\/miroslav-vasin-posetio-generalni-konzulat-crne-gore-u-sremskim-karlovcima\\\/\"},\"wordCount\":510,\"image\":{\"@id\":\"https:\\\/\\\/spriv.vojvodina.gov.rs\\\/rs\\\/miroslav-vasin-posetio-generalni-konzulat-crne-gore-u-sremskim-karlovcima\\\/#primaryimage\"},\"thumbnailUrl\":\"https:\\\/\\\/spriv.vojvodina.gov.rs\\\/wp-content\\\/uploads\\\/2015\\\/10\\\/15102015_Vasin_konzulat_mala.jpg\",\"articleSection\":[\"Vesti Latinica\"],\"inLanguage\":\"sr-RS\"},{\"@type\":\"WebPage\",\"@id\":\"https:\\\/\\\/spriv.vojvodina.gov.rs\\\/rs\\\/miroslav-vasin-posetio-generalni-konzulat-crne-gore-u-sremskim-karlovcima\\\/\",\"url\":\"https:\\\/\\\/spriv.vojvodina.gov.rs\\\/rs\\\/miroslav-vasin-posetio-generalni-konzulat-crne-gore-u-sremskim-karlovcima\\\/\",\"name\":\"Miroslav Vasin posetio Generalni konzulat Crne Gore u Sremskim Karlovcima - \u041f\u043e\u043a\u0440\u0430\u0458\u0438\u043d\u0441\u043a\u0438 \u0441\u0435\u043a\u0440\u0435\u0442\u0430\u0440\u0438\u0458\u0430\u0442 \u0437\u0430 \u043f\u0440\u0438\u0432\u0440\u0435\u0434\u0443 \u0438 \u0442\u0443\u0440\u0438\u0437\u0430\u043c\",\"isPartOf\":{\"@id\":\"https:\\\/\\\/spriv.vojvodina.gov.rs\\\/#website\"},\"primaryImageOfPage\":{\"@id\":\"https:\\\/\\\/spriv.vojvodina.gov.rs\\\/rs\\\/miroslav-vasin-posetio-generalni-konzulat-crne-gore-u-sremskim-karlovcima\\\/#primaryimage\"},\"image\":{\"@id\":\"https:\\\/\\\/spriv.vojvodina.gov.rs\\\/rs\\\/miroslav-vasin-posetio-generalni-konzulat-crne-gore-u-sremskim-karlovcima\\\/#primaryimage\"},\"thumbnailUrl\":\"https:\\\/\\\/spriv.vojvodina.gov.rs\\\/wp-content\\\/uploads\\\/2015\\\/10\\\/15102015_Vasin_konzulat_mala.jpg\",\"datePublished\":\"2015-10-16T09:15:11+00:00\",\"author\":{\"@id\":\"https:\\\/\\\/spriv.vojvodina.gov.rs\\\/#\\\/schema\\\/person\\\/749ef4f57fbb458f1c759e7a4fa78485\"},\"breadcrumb\":{\"@id\":\"https:\\\/\\\/spriv.vojvodina.gov.rs\\\/rs\\\/miroslav-vasin-posetio-generalni-konzulat-crne-gore-u-sremskim-karlovcima\\\/#breadcrumb\"},\"inLanguage\":\"sr-RS\",\"potentialAction\":[{\"@type\":\"ReadAction\",\"target\":[\"https:\\\/\\\/spriv.vojvodina.gov.rs\\\/rs\\\/miroslav-vasin-posetio-generalni-konzulat-crne-gore-u-sremskim-karlovcima\\\/\"]}]},{\"@type\":\"ImageObject\",\"inLanguage\":\"sr-RS\",\"@id\":\"https:\\\/\\\/spriv.vojvodina.gov.rs\\\/rs\\\/miroslav-vasin-posetio-generalni-konzulat-crne-gore-u-sremskim-karlovcima\\\/#primaryimage\",\"url\":\"https:\\\/\\\/spriv.vojvodina.gov.rs\\\/wp-content\\\/uploads\\\/2015\\\/10\\\/15102015_Vasin_konzulat_mala.jpg\",\"contentUrl\":\"https:\\\/\\\/spriv.vojvodina.gov.rs\\\/wp-content\\\/uploads\\\/2015\\\/10\\\/15102015_Vasin_konzulat_mala.jpg\",\"width\":120,\"height\":80},{\"@type\":\"BreadcrumbList\",\"@id\":\"https:\\\/\\\/spriv.vojvodina.gov.rs\\\/rs\\\/miroslav-vasin-posetio-generalni-konzulat-crne-gore-u-sremskim-karlovcima\\\/#breadcrumb\",\"itemListElement\":[{\"@type\":\"ListItem\",\"position\":1,\"name\":\"Home\",\"item\":\"https:\\\/\\\/spriv.vojvodina.gov.rs\\\/\"},{\"@type\":\"ListItem\",\"position\":2,\"name\":\"Miroslav Vasin posetio Generalni konzulat Crne Gore u Sremskim Karlovcima\"}]},{\"@type\":\"WebSite\",\"@id\":\"https:\\\/\\\/spriv.vojvodina.gov.rs\\\/#website\",\"url\":\"https:\\\/\\\/spriv.vojvodina.gov.rs\\\/\",\"name\":\"\u041f\u043e\u043a\u0440\u0430\u0458\u0438\u043d\u0441\u043a\u0438 \u0441\u0435\u043a\u0440\u0435\u0442\u0430\u0440\u0438\u0458\u0430\u0442 \u0437\u0430 \u043f\u0440\u0438\u0432\u0440\u0435\u0434\u0443 \u0438 \u0442\u0443\u0440\u0438\u0437\u0430\u043c\",\"description\":\"\u041f\u043e\u043a\u0440\u0430\u0458\u0438\u043d\u0441\u043a\u0438 \u0441\u0435\u043a\u0440\u0435\u0442\u0430\u0440\u0438\u0458\u0430\u0442 \u0437\u0430 \u043f\u0440\u0438\u0432\u0440\u0435\u0434\u0443 \u0438 \u0442\u0443\u0440\u0438\u0437\u0430\u043c\",\"potentialAction\":[{\"@type\":\"SearchAction\",\"target\":{\"@type\":\"EntryPoint\",\"urlTemplate\":\"https:\\\/\\\/spriv.vojvodina.gov.rs\\\/?s={search_term_string}\"},\"query-input\":{\"@type\":\"PropertyValueSpecification\",\"valueRequired\":true,\"valueName\":\"search_term_string\"}}],\"inLanguage\":\"sr-RS\"},{\"@type\":\"Person\",\"@id\":\"https:\\\/\\\/spriv.vojvodina.gov.rs\\\/#\\\/schema\\\/person\\\/749ef4f57fbb458f1c759e7a4fa78485\",\"name\":\"Sonja Babi\u0107\",\"image\":{\"@type\":\"ImageObject\",\"inLanguage\":\"sr-RS\",\"@id\":\"https:\\\/\\\/secure.gravatar.com\\\/avatar\\\/00a1d182a20a59067af1e7b1c31cbcc3be1a456ee4b27746580e120c2582e5bd?s=96&d=mm&r=g\",\"url\":\"https:\\\/\\\/secure.gravatar.com\\\/avatar\\\/00a1d182a20a59067af1e7b1c31cbcc3be1a456ee4b27746580e120c2582e5bd?s=96&d=mm&r=g\",\"contentUrl\":\"https:\\\/\\\/secure.gravatar.com\\\/avatar\\\/00a1d182a20a59067af1e7b1c31cbcc3be1a456ee4b27746580e120c2582e5bd?s=96&d=mm&r=g\",\"caption\":\"Sonja Babi\u0107\"},\"url\":\"https:\\\/\\\/spriv.vojvodina.gov.rs\\\/rs\\\/author\\\/sonja-babic\\\/\"}]}<\/script>\n<!-- \/ Yoast SEO plugin. -->","yoast_head_json":{"title":"Miroslav Vasin posetio Generalni konzulat Crne Gore u Sremskim Karlovcima - \u041f\u043e\u043a\u0440\u0430\u0458\u0438\u043d\u0441\u043a\u0438 \u0441\u0435\u043a\u0440\u0435\u0442\u0430\u0440\u0438\u0458\u0430\u0442 \u0437\u0430 \u043f\u0440\u0438\u0432\u0440\u0435\u0434\u0443 \u0438 \u0442\u0443\u0440\u0438\u0437\u0430\u043c","robots":{"index":"index","follow":"follow","max-snippet":"max-snippet:-1","max-image-preview":"max-image-preview:large","max-video-preview":"max-video-preview:-1"},"canonical":"https:\/\/spriv.vojvodina.gov.rs\/rs\/miroslav-vasin-posetio-generalni-konzulat-crne-gore-u-sremskim-karlovcima\/","og_locale":"sr_RS","og_type":"article","og_title":"Miroslav Vasin posetio Generalni konzulat Crne Gore u Sremskim Karlovcima - \u041f\u043e\u043a\u0440\u0430\u0458\u0438\u043d\u0441\u043a\u0438 \u0441\u0435\u043a\u0440\u0435\u0442\u0430\u0440\u0438\u0458\u0430\u0442 \u0437\u0430 \u043f\u0440\u0438\u0432\u0440\u0435\u0434\u0443 \u0438 \u0442\u0443\u0440\u0438\u0437\u0430\u043c","og_description":"Sremski Karlovci, 15. oktobar 2015. - Potpredsednik Pokrajinske vlade i pokrajinski sekretar za privredu, zapo\u0161ljavanje i ravnopravnost polova Miroslav Vasin, posetio je danas Generalni konzulat Crne Gore, koji je letos otpo\u010deo sa radom u zgradi Magistrata u Sremskim Karlovcima, gde se sastao sa generalnim konzulom Miodragom Kankara\u0161om. Pored potpredsednika Vasina, susretu su prisustvovali i Miodrag Jovovi\u0107, zamenik pokrajinske sekretarke za sport i omladinu i predstavnici Nacionalnog saveta crnogorske nacionalne zajednice u AP Vojvodini. Potpredsednik Pokrajinske vlade je ovom prilikom istakao zadovoljstvo, \u0161to je danas u ime Pokrajinske vlade u zvani\u010dnoj poseti crnogorskom konzulatu u Sremskim Karlovcima, a sve u cilju ja\u010danja saradnje izme\u0111u crnogorskih i vojvo\u0111anskih institucija, u okviru ukupne saradnje dr\u017eava Srbije i Crne Gore.","og_url":"https:\/\/spriv.vojvodina.gov.rs\/rs\/miroslav-vasin-posetio-generalni-konzulat-crne-gore-u-sremskim-karlovcima\/","og_site_name":"\u041f\u043e\u043a\u0440\u0430\u0458\u0438\u043d\u0441\u043a\u0438 \u0441\u0435\u043a\u0440\u0435\u0442\u0430\u0440\u0438\u0458\u0430\u0442 \u0437\u0430 \u043f\u0440\u0438\u0432\u0440\u0435\u0434\u0443 \u0438 \u0442\u0443\u0440\u0438\u0437\u0430\u043c","article_published_time":"2015-10-16T09:15:11+00:00","og_image":[{"width":120,"height":80,"url":"https:\/\/spriv.vojvodina.gov.rs\/wp-content\/uploads\/2015\/10\/15102015_Vasin_konzulat_mala.jpg","type":"image\/jpeg"}],"author":"Sonja Babi\u0107","twitter_card":"summary_large_image","twitter_misc":{"\u041d\u0430\u043f\u0438\u0441\u0430\u043d\u043e \u043e\u0434":"Sonja Babi\u0107","\u041f\u0440\u043e\u0446\u0435\u045a\u0435\u043d\u043e \u0432\u0440\u0435\u043c\u0435 \u0447\u0438\u0442\u0430\u045a\u0430":"3 \u043c\u0438\u043d\u0443\u0442\u0430"},"schema":{"@context":"https:\/\/schema.org","@graph":[{"@type":"Article","@id":"https:\/\/spriv.vojvodina.gov.rs\/rs\/miroslav-vasin-posetio-generalni-konzulat-crne-gore-u-sremskim-karlovcima\/#article","isPartOf":{"@id":"https:\/\/spriv.vojvodina.gov.rs\/rs\/miroslav-vasin-posetio-generalni-konzulat-crne-gore-u-sremskim-karlovcima\/"},"author":{"name":"Sonja Babi\u0107","@id":"https:\/\/spriv.vojvodina.gov.rs\/#\/schema\/person\/749ef4f57fbb458f1c759e7a4fa78485"},"headline":"Miroslav Vasin posetio Generalni konzulat Crne Gore u Sremskim Karlovcima","datePublished":"2015-10-16T09:15:11+00:00","mainEntityOfPage":{"@id":"https:\/\/spriv.vojvodina.gov.rs\/rs\/miroslav-vasin-posetio-generalni-konzulat-crne-gore-u-sremskim-karlovcima\/"},"wordCount":510,"image":{"@id":"https:\/\/spriv.vojvodina.gov.rs\/rs\/miroslav-vasin-posetio-generalni-konzulat-crne-gore-u-sremskim-karlovcima\/#primaryimage"},"thumbnailUrl":"https:\/\/spriv.vojvodina.gov.rs\/wp-content\/uploads\/2015\/10\/15102015_Vasin_konzulat_mala.jpg","articleSection":["Vesti Latinica"],"inLanguage":"sr-RS"},{"@type":"WebPage","@id":"https:\/\/spriv.vojvodina.gov.rs\/rs\/miroslav-vasin-posetio-generalni-konzulat-crne-gore-u-sremskim-karlovcima\/","url":"https:\/\/spriv.vojvodina.gov.rs\/rs\/miroslav-vasin-posetio-generalni-konzulat-crne-gore-u-sremskim-karlovcima\/","name":"Miroslav Vasin posetio Generalni konzulat Crne Gore u Sremskim Karlovcima - \u041f\u043e\u043a\u0440\u0430\u0458\u0438\u043d\u0441\u043a\u0438 \u0441\u0435\u043a\u0440\u0435\u0442\u0430\u0440\u0438\u0458\u0430\u0442 \u0437\u0430 \u043f\u0440\u0438\u0432\u0440\u0435\u0434\u0443 \u0438 \u0442\u0443\u0440\u0438\u0437\u0430\u043c","isPartOf":{"@id":"https:\/\/spriv.vojvodina.gov.rs\/#website"},"primaryImageOfPage":{"@id":"https:\/\/spriv.vojvodina.gov.rs\/rs\/miroslav-vasin-posetio-generalni-konzulat-crne-gore-u-sremskim-karlovcima\/#primaryimage"},"image":{"@id":"https:\/\/spriv.vojvodina.gov.rs\/rs\/miroslav-vasin-posetio-generalni-konzulat-crne-gore-u-sremskim-karlovcima\/#primaryimage"},"thumbnailUrl":"https:\/\/spriv.vojvodina.gov.rs\/wp-content\/uploads\/2015\/10\/15102015_Vasin_konzulat_mala.jpg","datePublished":"2015-10-16T09:15:11+00:00","author":{"@id":"https:\/\/spriv.vojvodina.gov.rs\/#\/schema\/person\/749ef4f57fbb458f1c759e7a4fa78485"},"breadcrumb":{"@id":"https:\/\/spriv.vojvodina.gov.rs\/rs\/miroslav-vasin-posetio-generalni-konzulat-crne-gore-u-sremskim-karlovcima\/#breadcrumb"},"inLanguage":"sr-RS","potentialAction":[{"@type":"ReadAction","target":["https:\/\/spriv.vojvodina.gov.rs\/rs\/miroslav-vasin-posetio-generalni-konzulat-crne-gore-u-sremskim-karlovcima\/"]}]},{"@type":"ImageObject","inLanguage":"sr-RS","@id":"https:\/\/spriv.vojvodina.gov.rs\/rs\/miroslav-vasin-posetio-generalni-konzulat-crne-gore-u-sremskim-karlovcima\/#primaryimage","url":"https:\/\/spriv.vojvodina.gov.rs\/wp-content\/uploads\/2015\/10\/15102015_Vasin_konzulat_mala.jpg","contentUrl":"https:\/\/spriv.vojvodina.gov.rs\/wp-content\/uploads\/2015\/10\/15102015_Vasin_konzulat_mala.jpg","width":120,"height":80},{"@type":"BreadcrumbList","@id":"https:\/\/spriv.vojvodina.gov.rs\/rs\/miroslav-vasin-posetio-generalni-konzulat-crne-gore-u-sremskim-karlovcima\/#breadcrumb","itemListElement":[{"@type":"ListItem","position":1,"name":"Home","item":"https:\/\/spriv.vojvodina.gov.rs\/"},{"@type":"ListItem","position":2,"name":"Miroslav Vasin posetio Generalni konzulat Crne Gore u Sremskim Karlovcima"}]},{"@type":"WebSite","@id":"https:\/\/spriv.vojvodina.gov.rs\/#website","url":"https:\/\/spriv.vojvodina.gov.rs\/","name":"\u041f\u043e\u043a\u0440\u0430\u0458\u0438\u043d\u0441\u043a\u0438 \u0441\u0435\u043a\u0440\u0435\u0442\u0430\u0440\u0438\u0458\u0430\u0442 \u0437\u0430 \u043f\u0440\u0438\u0432\u0440\u0435\u0434\u0443 \u0438 \u0442\u0443\u0440\u0438\u0437\u0430\u043c","description":"\u041f\u043e\u043a\u0440\u0430\u0458\u0438\u043d\u0441\u043a\u0438 \u0441\u0435\u043a\u0440\u0435\u0442\u0430\u0440\u0438\u0458\u0430\u0442 \u0437\u0430 \u043f\u0440\u0438\u0432\u0440\u0435\u0434\u0443 \u0438 \u0442\u0443\u0440\u0438\u0437\u0430\u043c","potentialAction":[{"@type":"SearchAction","target":{"@type":"EntryPoint","urlTemplate":"https:\/\/spriv.vojvodina.gov.rs\/?s={search_term_string}"},"query-input":{"@type":"PropertyValueSpecification","valueRequired":true,"valueName":"search_term_string"}}],"inLanguage":"sr-RS"},{"@type":"Person","@id":"https:\/\/spriv.vojvodina.gov.rs\/#\/schema\/person\/749ef4f57fbb458f1c759e7a4fa78485","name":"Sonja Babi\u0107","image":{"@type":"ImageObject","inLanguage":"sr-RS","@id":"https:\/\/secure.gravatar.com\/avatar\/00a1d182a20a59067af1e7b1c31cbcc3be1a456ee4b27746580e120c2582e5bd?s=96&d=mm&r=g","url":"https:\/\/secure.gravatar.com\/avatar\/00a1d182a20a59067af1e7b1c31cbcc3be1a456ee4b27746580e120c2582e5bd?s=96&d=mm&r=g","contentUrl":"https:\/\/secure.gravatar.com\/avatar\/00a1d182a20a59067af1e7b1c31cbcc3be1a456ee4b27746580e120c2582e5bd?s=96&d=mm&r=g","caption":"Sonja Babi\u0107"},"url":"https:\/\/spriv.vojvodina.gov.rs\/rs\/author\/sonja-babic\/"}]}},"_links":{"self":[{"href":"https:\/\/spriv.vojvodina.gov.rs\/rs\/wp-json\/wp\/v2\/posts\/1081","targetHints":{"allow":["GET"]}}],"collection":[{"href":"https:\/\/spriv.vojvodina.gov.rs\/rs\/wp-json\/wp\/v2\/posts"}],"about":[{"href":"https:\/\/spriv.vojvodina.gov.rs\/rs\/wp-json\/wp\/v2\/types\/post"}],"author":[{"embeddable":true,"href":"https:\/\/spriv.vojvodina.gov.rs\/rs\/wp-json\/wp\/v2\/users\/3"}],"replies":[{"embeddable":true,"href":"https:\/\/spriv.vojvodina.gov.rs\/rs\/wp-json\/wp\/v2\/comments?post=1081"}],"version-history":[{"count":0,"href":"https:\/\/spriv.vojvodina.gov.rs\/rs\/wp-json\/wp\/v2\/posts\/1081\/revisions"}],"wp:featuredmedia":[{"embeddable":true,"href":"https:\/\/spriv.vojvodina.gov.rs\/rs\/wp-json\/wp\/v2\/media\/1072"}],"wp:attachment":[{"href":"https:\/\/spriv.vojvodina.gov.rs\/rs\/wp-json\/wp\/v2\/media?parent=1081"}],"wp:term":[{"taxonomy":"category","embeddable":true,"href":"https:\/\/spriv.vojvodina.gov.rs\/rs\/wp-json\/wp\/v2\/categories?post=1081"},{"taxonomy":"post_tag","embeddable":true,"href":"https:\/\/spriv.vojvodina.gov.rs\/rs\/wp-json\/wp\/v2\/tags?post=1081"}],"curies":[{"name":"wp","href":"https:\/\/api.w.org\/{rel}","templated":true}]}}