{"id":1040,"date":"2015-10-07T14:45:06","date_gmt":"2015-10-07T14:45:06","guid":{"rendered":"http:\/\/spriv.vojvodina.gov.rs\/2015\/10\/07\/miroslav-vasin-o-privrednim-kretanjima-i-odrzivom-razvoju-na-otvaranju-4-dunavskog-biznis-foruma\/"},"modified":"2015-10-07T14:45:06","modified_gmt":"2015-10-07T14:45:06","slug":"miroslav-vasin-o-privrednim-kretanjima-i-odrzivom-razvoju-na-otvaranju-4-dunavskog-biznis-foruma","status":"publish","type":"post","link":"https:\/\/spriv.vojvodina.gov.rs\/rs\/miroslav-vasin-o-privrednim-kretanjima-i-odrzivom-razvoju-na-otvaranju-4-dunavskog-biznis-foruma\/","title":{"rendered":"Miroslav Vasin o privrednim kretanjima i odr\u017eivom razvoju na otvaranju 4. Dunavskog biznis foruma"},"content":{"rendered":"<p style=\"text-align: justify;\"><strong><img loading=\"lazy\" decoding=\"async\" class=\" alignleft size-full wp-image-1035\" src=\"http:\/\/spriv.vojvodina.gov.rs\/wp-content\/uploads\/2015\/10\/DSCF0308mala.JPG\" border=\"0\" alt=\"\" align=\"left\" width=\"120\" height=\"90\" \/>Novi Sad, 7. oktobar 2015.<\/strong> &#8211; Potpredsednik Pokrajinske vlade i pokrajinski sekretar za privredu, zapo\u0161ljavanje i ravnopravnost polova Miroslav Vasin, u\u010destvovao je na otvaranju ovogodi\u0161njeg Dunavskog biznis foruma, u Rektoratu Univerziteta u Novom Sadu. U\u010desnicima se na otvaranju obratio i prof. dr Radovan Pejanovi\u0107. Dunavski biznis forum se ove godine odr\u017eava od 7. do 9. oktobra 2015. godine, na vi\u0161e lokacija, ta\u010dnije u Rektoratu UNS i u velikoj sali Skup\u0161tine AP Vojvodine, u organizaciji Univerziteta u Novom Sadu, Centra za poslovnu standardizaciju i sertifikaciju BSC i kompanije Media Invent, pod pokroviteljstvom Pokrajinske vlade.<\/p>\n<p style=\"text-align: justify;\">Klju\u010dne teme kojima \u0107e se u\u010desnici baviti na ovogodi\u0161njem Forumu su ideja i realizacija Dunavske strategije, diplomatija u slu\u017ebi privrednog povezivanja i razvoja Dunavskog regiona, konkurentnost i odr\u017eivi razvoj, preduzetni\u0161tvo, zna\u010daj i uticaj medija, agrarni sektor Dunavskog regiona i drugo.<\/p>\n<p style=\"text-align: justify;\"><img loading=\"lazy\" decoding=\"async\" class=\" size-full wp-image-1036\" src=\"http:\/\/spriv.vojvodina.gov.rs\/wp-content\/uploads\/2015\/10\/DSCF0289.JPG\" border=\"0\" alt=\"\" style=\"display: block; margin-left: auto; margin-right: auto;\" width=\"580\" height=\"435\" srcset=\"https:\/\/spriv.vojvodina.gov.rs\/wp-content\/uploads\/2015\/10\/DSCF0289.JPG 580w, https:\/\/spriv.vojvodina.gov.rs\/wp-content\/uploads\/2015\/10\/DSCF0289-300x225.jpg 300w\" sizes=\"auto, (max-width: 580px) 100vw, 580px\" \/><br \/>O ulozi, mestu i zna\u010daju Dunavskog biznis foruma za ekonomiju i privredu, kao i o izazovima sa kojima se sre\u0107u zemlje Dunavskog regiona govorio je potpredsednik Pokrajinske vlade i pokrajinski sekretar Miroslav Vasin, na prvom danu Foruma, pred predstavnicima Univerziteta u Novom Sadu, republi\u010dkim i pokrajinskim organima, privrednim komorama, predstavnicima javnog i privatnog sektora, u Amfiteatru Rektorata UNS.<\/p>\n<p style=\"text-align: justify;\"><img loading=\"lazy\" decoding=\"async\" class=\" size-full wp-image-1037\" src=\"http:\/\/spriv.vojvodina.gov.rs\/wp-content\/uploads\/2015\/10\/DSCF0301.JPG\" border=\"0\" alt=\"\" style=\"display: block; margin-left: auto; margin-right: auto;\" width=\"580\" height=\"435\" srcset=\"https:\/\/spriv.vojvodina.gov.rs\/wp-content\/uploads\/2015\/10\/DSCF0301.JPG 580w, https:\/\/spriv.vojvodina.gov.rs\/wp-content\/uploads\/2015\/10\/DSCF0301-300x225.jpg 300w\" sizes=\"auto, (max-width: 580px) 100vw, 580px\" \/><br \/>,,Novi Sad je doma\u0107in jedne od najzna\u010dajnijih konferencija posve\u0107enoj ekonomiji i privredi, ne samo u Vojvodini, u Srbiji, ve\u0107 i u \u010ditavom regionu. U\u010desnici konferencije \u0107e sagledati situaciju u regionu, uporediti konkurentnost Vojvodine i Srbije u odnosu na razvijenije zemlje, \u010dijem standardu te\u017eimo. Najeminentniji predstavnici 10 evropskih zemalja, ta\u010dnije preko 500 u\u010desnika, bi\u0107e u prilici da razmene dragocena iskustva iz oblasti konkurentnosti, planiraju odr\u017eivi razvoj regiona i posvete se najva\u017enijim privrednim temama poput preduzetni\u0161tva, uloge diplomatije, mladih i medija u privrednim tokovima\u201c, rekao je Vasin.<\/p>\n<p>Dunavska strategija defini\u0161e 4 cilja, odnosno stuba, koji su klju\u010dni za sprovo\u0111enje aktivnosti na teritoriji celog regiona Dunava. Aktivnosti se, pre svega, odnose na saobra\u0107aj, energetiku, kulturu i turizam, potom na za\u0161titu \u017eivotne sredine, kao i na razvoj informati\u010dkog dru\u0161tva, inovacije, obrazovanje i konkurentnost u okviru privatnog sektora. Osnovna ideja jeste stvaranje bezbednog regiona, sa dobrim upravlja\u010dkim mehnizmima, koji ima predispozicije da postane prosperitetan, odr\u017eiv i atraktivan za \u017eivot njegovih stanovnika, ali i za dolazak turista.<\/p>\n<p style=\"text-align: justify;\"><img loading=\"lazy\" decoding=\"async\" class=\" size-full wp-image-1038\" src=\"http:\/\/spriv.vojvodina.gov.rs\/wp-content\/uploads\/2015\/10\/DSCF0308.JPG\" border=\"0\" alt=\"\" style=\"display: block; margin-left: auto; margin-right: auto;\" width=\"580\" height=\"435\" srcset=\"https:\/\/spriv.vojvodina.gov.rs\/wp-content\/uploads\/2015\/10\/DSCF0308.JPG 580w, https:\/\/spriv.vojvodina.gov.rs\/wp-content\/uploads\/2015\/10\/DSCF0308-300x225.jpg 300w\" sizes=\"auto, (max-width: 580px) 100vw, 580px\" \/><br \/>Miroslav Vasin je istakao da \u0107e u\u010desnici radnih panela biti upoznati sa potencijalima Vojvodine, kao najrazvijenijeg regiona u okviru Republike Srbije, po svim ekonomskim pokazateljima. ,,Zna\u010daj konferencije se ogleda u \u010dinjenici da su u\u010desnici eminentni stru\u010dnjaci iz relevantnih oblasti, poput stru\u010dnjaka iz oblasti ekonomije, ambasadora vi\u0161e evropskih zemalja, predstavnici univerziteta iz Beograda i Novog Sada. Novi Sad tri dana u godini, koliko traje Dunavski biznis forum, postaje centar privrede Dunavskog regiona.\u201c<\/p>\n","protected":false},"excerpt":{"rendered":"Novi Sad, 7. oktobar 2015. &#8211; Potpredsednik Pokrajinske vlade i pokrajinski sekretar za privredu, zapo\u0161ljavanje i ravnopravnost polova Miroslav Vasin, u\u010destvovao je na otvaranju ovogodi\u0161njeg Dunavskog biznis foruma, u Rektoratu Univerziteta u Novom Sadu. U\u010desnicima se na otvaranju obratio i prof. dr Radovan Pejanovi\u0107. Dunavski biznis forum se ove godine odr\u017eava od 7. do 9. oktobra 2015. godine, na vi\u0161e lokacija, ta\u010dnije u Rektoratu UNS i u velikoj sali Skup\u0161tine AP Vojvodine, u organizaciji Univerziteta u Novom Sadu, Centra za poslovnu standardizaciju i sertifikaciju BSC i kompanije Media Invent, pod pokroviteljstvom Pokrajinske vlade.\n<a class=\"moretag\" href=\"https:\/\/spriv.vojvodina.gov.rs\/rs\/miroslav-vasin-o-privrednim-kretanjima-i-odrzivom-razvoju-na-otvaranju-4-dunavskog-biznis-foruma\/\"> [...]<\/a>","protected":false},"author":3,"featured_media":1035,"comment_status":"closed","ping_status":"closed","sticky":false,"template":"","format":"standard","meta":{"footnotes":""},"categories":[31],"tags":[],"class_list":["post-1040","post","type-post","status-publish","format-standard","has-post-thumbnail","hentry","category-vesti-latinica1"],"yoast_head":"<!-- This site is optimized with the Yoast SEO plugin v27.4 - https:\/\/yoast.com\/product\/yoast-seo-wordpress\/ -->\n<title>Miroslav Vasin o privrednim kretanjima i odr\u017eivom razvoju na otvaranju 4. Dunavskog biznis foruma - \u041f\u043e\u043a\u0440\u0430\u0458\u0438\u043d\u0441\u043a\u0438 \u0441\u0435\u043a\u0440\u0435\u0442\u0430\u0440\u0438\u0458\u0430\u0442 \u0437\u0430 \u043f\u0440\u0438\u0432\u0440\u0435\u0434\u0443 \u0438 \u0442\u0443\u0440\u0438\u0437\u0430\u043c<\/title>\n<meta name=\"robots\" content=\"index, follow, max-snippet:-1, max-image-preview:large, max-video-preview:-1\" \/>\n<link rel=\"canonical\" href=\"https:\/\/spriv.vojvodina.gov.rs\/rs\/miroslav-vasin-o-privrednim-kretanjima-i-odrzivom-razvoju-na-otvaranju-4-dunavskog-biznis-foruma\/\" \/>\n<meta property=\"og:locale\" content=\"sr_RS\" \/>\n<meta property=\"og:type\" content=\"article\" \/>\n<meta property=\"og:title\" content=\"Miroslav Vasin o privrednim kretanjima i odr\u017eivom razvoju na otvaranju 4. Dunavskog biznis foruma - \u041f\u043e\u043a\u0440\u0430\u0458\u0438\u043d\u0441\u043a\u0438 \u0441\u0435\u043a\u0440\u0435\u0442\u0430\u0440\u0438\u0458\u0430\u0442 \u0437\u0430 \u043f\u0440\u0438\u0432\u0440\u0435\u0434\u0443 \u0438 \u0442\u0443\u0440\u0438\u0437\u0430\u043c\" \/>\n<meta property=\"og:description\" content=\"Novi Sad, 7. oktobar 2015. - Potpredsednik Pokrajinske vlade i pokrajinski sekretar za privredu, zapo\u0161ljavanje i ravnopravnost polova Miroslav Vasin, u\u010destvovao je na otvaranju ovogodi\u0161njeg Dunavskog biznis foruma, u Rektoratu Univerziteta u Novom Sadu. U\u010desnicima se na otvaranju obratio i prof. dr Radovan Pejanovi\u0107. Dunavski biznis forum se ove godine odr\u017eava od 7. do 9. oktobra 2015. godine, na vi\u0161e lokacija, ta\u010dnije u Rektoratu UNS i u velikoj sali Skup\u0161tine AP Vojvodine, u organizaciji Univerziteta u Novom Sadu, Centra za poslovnu standardizaciju i sertifikaciju BSC i kompanije Media Invent, pod pokroviteljstvom Pokrajinske vlade.\" \/>\n<meta property=\"og:url\" content=\"https:\/\/spriv.vojvodina.gov.rs\/miroslav-vasin-o-privrednim-kretanjima-i-odrzivom-razvoju-na-otvaranju-4-dunavskog-biznis-foruma\/\" \/>\n<meta property=\"og:site_name\" content=\"\u041f\u043e\u043a\u0440\u0430\u0458\u0438\u043d\u0441\u043a\u0438 \u0441\u0435\u043a\u0440\u0435\u0442\u0430\u0440\u0438\u0458\u0430\u0442 \u0437\u0430 \u043f\u0440\u0438\u0432\u0440\u0435\u0434\u0443 \u0438 \u0442\u0443\u0440\u0438\u0437\u0430\u043c\" \/>\n<meta property=\"article:published_time\" content=\"2015-10-07T14:45:06+00:00\" \/>\n<meta property=\"og:image\" content=\"https:\/\/spriv.vojvodina.gov.rs\/wp-content\/uploads\/2015\/10\/DSCF0308mala.JPG\" \/>\n\t<meta property=\"og:image:width\" content=\"120\" \/>\n\t<meta property=\"og:image:height\" content=\"90\" \/>\n\t<meta property=\"og:image:type\" content=\"image\/jpeg\" \/>\n<meta name=\"author\" content=\"Sonja Babi\u0107\" \/>\n<meta name=\"twitter:card\" content=\"summary_large_image\" \/>\n<meta name=\"twitter:label1\" content=\"\u041d\u0430\u043f\u0438\u0441\u0430\u043d\u043e \u043e\u0434\" \/>\n\t<meta name=\"twitter:data1\" content=\"Sonja Babi\u0107\" \/>\n\t<meta name=\"twitter:label2\" content=\"\u041f\u0440\u043e\u0446\u0435\u045a\u0435\u043d\u043e \u0432\u0440\u0435\u043c\u0435 \u0447\u0438\u0442\u0430\u045a\u0430\" \/>\n\t<meta name=\"twitter:data2\" content=\"2 \u043c\u0438\u043d\u0443\u0442\u0430\" \/>\n<script type=\"application\/ld+json\" class=\"yoast-schema-graph\">{\"@context\":\"https:\\\/\\\/schema.org\",\"@graph\":[{\"@type\":\"Article\",\"@id\":\"https:\\\/\\\/spriv.vojvodina.gov.rs\\\/miroslav-vasin-o-privrednim-kretanjima-i-odrzivom-razvoju-na-otvaranju-4-dunavskog-biznis-foruma\\\/#article\",\"isPartOf\":{\"@id\":\"https:\\\/\\\/spriv.vojvodina.gov.rs\\\/miroslav-vasin-o-privrednim-kretanjima-i-odrzivom-razvoju-na-otvaranju-4-dunavskog-biznis-foruma\\\/\"},\"author\":{\"name\":\"Sonja Babi\u0107\",\"@id\":\"https:\\\/\\\/spriv.vojvodina.gov.rs\\\/#\\\/schema\\\/person\\\/749ef4f57fbb458f1c759e7a4fa78485\"},\"headline\":\"Miroslav Vasin o privrednim kretanjima i odr\u017eivom razvoju na otvaranju 4. Dunavskog biznis foruma\",\"datePublished\":\"2015-10-07T14:45:06+00:00\",\"mainEntityOfPage\":{\"@id\":\"https:\\\/\\\/spriv.vojvodina.gov.rs\\\/miroslav-vasin-o-privrednim-kretanjima-i-odrzivom-razvoju-na-otvaranju-4-dunavskog-biznis-foruma\\\/\"},\"wordCount\":473,\"image\":{\"@id\":\"https:\\\/\\\/spriv.vojvodina.gov.rs\\\/miroslav-vasin-o-privrednim-kretanjima-i-odrzivom-razvoju-na-otvaranju-4-dunavskog-biznis-foruma\\\/#primaryimage\"},\"thumbnailUrl\":\"https:\\\/\\\/spriv.vojvodina.gov.rs\\\/wp-content\\\/uploads\\\/2015\\\/10\\\/DSCF0308mala.JPG\",\"articleSection\":[\"Vesti Latinica\"],\"inLanguage\":\"sr-RS\"},{\"@type\":\"WebPage\",\"@id\":\"https:\\\/\\\/spriv.vojvodina.gov.rs\\\/miroslav-vasin-o-privrednim-kretanjima-i-odrzivom-razvoju-na-otvaranju-4-dunavskog-biznis-foruma\\\/\",\"url\":\"https:\\\/\\\/spriv.vojvodina.gov.rs\\\/miroslav-vasin-o-privrednim-kretanjima-i-odrzivom-razvoju-na-otvaranju-4-dunavskog-biznis-foruma\\\/\",\"name\":\"Miroslav Vasin o privrednim kretanjima i odr\u017eivom razvoju na otvaranju 4. Dunavskog biznis foruma - \u041f\u043e\u043a\u0440\u0430\u0458\u0438\u043d\u0441\u043a\u0438 \u0441\u0435\u043a\u0440\u0435\u0442\u0430\u0440\u0438\u0458\u0430\u0442 \u0437\u0430 \u043f\u0440\u0438\u0432\u0440\u0435\u0434\u0443 \u0438 \u0442\u0443\u0440\u0438\u0437\u0430\u043c\",\"isPartOf\":{\"@id\":\"https:\\\/\\\/spriv.vojvodina.gov.rs\\\/#website\"},\"primaryImageOfPage\":{\"@id\":\"https:\\\/\\\/spriv.vojvodina.gov.rs\\\/miroslav-vasin-o-privrednim-kretanjima-i-odrzivom-razvoju-na-otvaranju-4-dunavskog-biznis-foruma\\\/#primaryimage\"},\"image\":{\"@id\":\"https:\\\/\\\/spriv.vojvodina.gov.rs\\\/miroslav-vasin-o-privrednim-kretanjima-i-odrzivom-razvoju-na-otvaranju-4-dunavskog-biznis-foruma\\\/#primaryimage\"},\"thumbnailUrl\":\"https:\\\/\\\/spriv.vojvodina.gov.rs\\\/wp-content\\\/uploads\\\/2015\\\/10\\\/DSCF0308mala.JPG\",\"datePublished\":\"2015-10-07T14:45:06+00:00\",\"author\":{\"@id\":\"https:\\\/\\\/spriv.vojvodina.gov.rs\\\/#\\\/schema\\\/person\\\/749ef4f57fbb458f1c759e7a4fa78485\"},\"breadcrumb\":{\"@id\":\"https:\\\/\\\/spriv.vojvodina.gov.rs\\\/miroslav-vasin-o-privrednim-kretanjima-i-odrzivom-razvoju-na-otvaranju-4-dunavskog-biznis-foruma\\\/#breadcrumb\"},\"inLanguage\":\"sr-RS\",\"potentialAction\":[{\"@type\":\"ReadAction\",\"target\":[\"https:\\\/\\\/spriv.vojvodina.gov.rs\\\/miroslav-vasin-o-privrednim-kretanjima-i-odrzivom-razvoju-na-otvaranju-4-dunavskog-biznis-foruma\\\/\"]}]},{\"@type\":\"ImageObject\",\"inLanguage\":\"sr-RS\",\"@id\":\"https:\\\/\\\/spriv.vojvodina.gov.rs\\\/miroslav-vasin-o-privrednim-kretanjima-i-odrzivom-razvoju-na-otvaranju-4-dunavskog-biznis-foruma\\\/#primaryimage\",\"url\":\"https:\\\/\\\/spriv.vojvodina.gov.rs\\\/wp-content\\\/uploads\\\/2015\\\/10\\\/DSCF0308mala.JPG\",\"contentUrl\":\"https:\\\/\\\/spriv.vojvodina.gov.rs\\\/wp-content\\\/uploads\\\/2015\\\/10\\\/DSCF0308mala.JPG\",\"width\":120,\"height\":90},{\"@type\":\"BreadcrumbList\",\"@id\":\"https:\\\/\\\/spriv.vojvodina.gov.rs\\\/miroslav-vasin-o-privrednim-kretanjima-i-odrzivom-razvoju-na-otvaranju-4-dunavskog-biznis-foruma\\\/#breadcrumb\",\"itemListElement\":[{\"@type\":\"ListItem\",\"position\":1,\"name\":\"Home\",\"item\":\"https:\\\/\\\/spriv.vojvodina.gov.rs\\\/\"},{\"@type\":\"ListItem\",\"position\":2,\"name\":\"Miroslav Vasin o privrednim kretanjima i odr\u017eivom razvoju na otvaranju 4. Dunavskog biznis foruma\"}]},{\"@type\":\"WebSite\",\"@id\":\"https:\\\/\\\/spriv.vojvodina.gov.rs\\\/#website\",\"url\":\"https:\\\/\\\/spriv.vojvodina.gov.rs\\\/\",\"name\":\"\u041f\u043e\u043a\u0440\u0430\u0458\u0438\u043d\u0441\u043a\u0438 \u0441\u0435\u043a\u0440\u0435\u0442\u0430\u0440\u0438\u0458\u0430\u0442 \u0437\u0430 \u043f\u0440\u0438\u0432\u0440\u0435\u0434\u0443 \u0438 \u0442\u0443\u0440\u0438\u0437\u0430\u043c\",\"description\":\"\u041f\u043e\u043a\u0440\u0430\u0458\u0438\u043d\u0441\u043a\u0438 \u0441\u0435\u043a\u0440\u0435\u0442\u0430\u0440\u0438\u0458\u0430\u0442 \u0437\u0430 \u043f\u0440\u0438\u0432\u0440\u0435\u0434\u0443 \u0438 \u0442\u0443\u0440\u0438\u0437\u0430\u043c\",\"potentialAction\":[{\"@type\":\"SearchAction\",\"target\":{\"@type\":\"EntryPoint\",\"urlTemplate\":\"https:\\\/\\\/spriv.vojvodina.gov.rs\\\/?s={search_term_string}\"},\"query-input\":{\"@type\":\"PropertyValueSpecification\",\"valueRequired\":true,\"valueName\":\"search_term_string\"}}],\"inLanguage\":\"sr-RS\"},{\"@type\":\"Person\",\"@id\":\"https:\\\/\\\/spriv.vojvodina.gov.rs\\\/#\\\/schema\\\/person\\\/749ef4f57fbb458f1c759e7a4fa78485\",\"name\":\"Sonja Babi\u0107\",\"image\":{\"@type\":\"ImageObject\",\"inLanguage\":\"sr-RS\",\"@id\":\"https:\\\/\\\/secure.gravatar.com\\\/avatar\\\/00a1d182a20a59067af1e7b1c31cbcc3be1a456ee4b27746580e120c2582e5bd?s=96&d=mm&r=g\",\"url\":\"https:\\\/\\\/secure.gravatar.com\\\/avatar\\\/00a1d182a20a59067af1e7b1c31cbcc3be1a456ee4b27746580e120c2582e5bd?s=96&d=mm&r=g\",\"contentUrl\":\"https:\\\/\\\/secure.gravatar.com\\\/avatar\\\/00a1d182a20a59067af1e7b1c31cbcc3be1a456ee4b27746580e120c2582e5bd?s=96&d=mm&r=g\",\"caption\":\"Sonja Babi\u0107\"},\"url\":\"https:\\\/\\\/spriv.vojvodina.gov.rs\\\/rs\\\/author\\\/sonja-babic\\\/\"}]}<\/script>\n<!-- \/ Yoast SEO plugin. -->","yoast_head_json":{"title":"Miroslav Vasin o privrednim kretanjima i odr\u017eivom razvoju na otvaranju 4. Dunavskog biznis foruma - \u041f\u043e\u043a\u0440\u0430\u0458\u0438\u043d\u0441\u043a\u0438 \u0441\u0435\u043a\u0440\u0435\u0442\u0430\u0440\u0438\u0458\u0430\u0442 \u0437\u0430 \u043f\u0440\u0438\u0432\u0440\u0435\u0434\u0443 \u0438 \u0442\u0443\u0440\u0438\u0437\u0430\u043c","robots":{"index":"index","follow":"follow","max-snippet":"max-snippet:-1","max-image-preview":"max-image-preview:large","max-video-preview":"max-video-preview:-1"},"canonical":"https:\/\/spriv.vojvodina.gov.rs\/rs\/miroslav-vasin-o-privrednim-kretanjima-i-odrzivom-razvoju-na-otvaranju-4-dunavskog-biznis-foruma\/","og_locale":"sr_RS","og_type":"article","og_title":"Miroslav Vasin o privrednim kretanjima i odr\u017eivom razvoju na otvaranju 4. Dunavskog biznis foruma - \u041f\u043e\u043a\u0440\u0430\u0458\u0438\u043d\u0441\u043a\u0438 \u0441\u0435\u043a\u0440\u0435\u0442\u0430\u0440\u0438\u0458\u0430\u0442 \u0437\u0430 \u043f\u0440\u0438\u0432\u0440\u0435\u0434\u0443 \u0438 \u0442\u0443\u0440\u0438\u0437\u0430\u043c","og_description":"Novi Sad, 7. oktobar 2015. - Potpredsednik Pokrajinske vlade i pokrajinski sekretar za privredu, zapo\u0161ljavanje i ravnopravnost polova Miroslav Vasin, u\u010destvovao je na otvaranju ovogodi\u0161njeg Dunavskog biznis foruma, u Rektoratu Univerziteta u Novom Sadu. U\u010desnicima se na otvaranju obratio i prof. dr Radovan Pejanovi\u0107. Dunavski biznis forum se ove godine odr\u017eava od 7. do 9. oktobra 2015. godine, na vi\u0161e lokacija, ta\u010dnije u Rektoratu UNS i u velikoj sali Skup\u0161tine AP Vojvodine, u organizaciji Univerziteta u Novom Sadu, Centra za poslovnu standardizaciju i sertifikaciju BSC i kompanije Media Invent, pod pokroviteljstvom Pokrajinske vlade.","og_url":"https:\/\/spriv.vojvodina.gov.rs\/miroslav-vasin-o-privrednim-kretanjima-i-odrzivom-razvoju-na-otvaranju-4-dunavskog-biznis-foruma\/","og_site_name":"\u041f\u043e\u043a\u0440\u0430\u0458\u0438\u043d\u0441\u043a\u0438 \u0441\u0435\u043a\u0440\u0435\u0442\u0430\u0440\u0438\u0458\u0430\u0442 \u0437\u0430 \u043f\u0440\u0438\u0432\u0440\u0435\u0434\u0443 \u0438 \u0442\u0443\u0440\u0438\u0437\u0430\u043c","article_published_time":"2015-10-07T14:45:06+00:00","og_image":[{"width":120,"height":90,"url":"https:\/\/spriv.vojvodina.gov.rs\/wp-content\/uploads\/2015\/10\/DSCF0308mala.JPG","type":"image\/jpeg"}],"author":"Sonja Babi\u0107","twitter_card":"summary_large_image","twitter_misc":{"\u041d\u0430\u043f\u0438\u0441\u0430\u043d\u043e \u043e\u0434":"Sonja Babi\u0107","\u041f\u0440\u043e\u0446\u0435\u045a\u0435\u043d\u043e \u0432\u0440\u0435\u043c\u0435 \u0447\u0438\u0442\u0430\u045a\u0430":"2 \u043c\u0438\u043d\u0443\u0442\u0430"},"schema":{"@context":"https:\/\/schema.org","@graph":[{"@type":"Article","@id":"https:\/\/spriv.vojvodina.gov.rs\/miroslav-vasin-o-privrednim-kretanjima-i-odrzivom-razvoju-na-otvaranju-4-dunavskog-biznis-foruma\/#article","isPartOf":{"@id":"https:\/\/spriv.vojvodina.gov.rs\/miroslav-vasin-o-privrednim-kretanjima-i-odrzivom-razvoju-na-otvaranju-4-dunavskog-biznis-foruma\/"},"author":{"name":"Sonja Babi\u0107","@id":"https:\/\/spriv.vojvodina.gov.rs\/#\/schema\/person\/749ef4f57fbb458f1c759e7a4fa78485"},"headline":"Miroslav Vasin o privrednim kretanjima i odr\u017eivom razvoju na otvaranju 4. Dunavskog biznis foruma","datePublished":"2015-10-07T14:45:06+00:00","mainEntityOfPage":{"@id":"https:\/\/spriv.vojvodina.gov.rs\/miroslav-vasin-o-privrednim-kretanjima-i-odrzivom-razvoju-na-otvaranju-4-dunavskog-biznis-foruma\/"},"wordCount":473,"image":{"@id":"https:\/\/spriv.vojvodina.gov.rs\/miroslav-vasin-o-privrednim-kretanjima-i-odrzivom-razvoju-na-otvaranju-4-dunavskog-biznis-foruma\/#primaryimage"},"thumbnailUrl":"https:\/\/spriv.vojvodina.gov.rs\/wp-content\/uploads\/2015\/10\/DSCF0308mala.JPG","articleSection":["Vesti Latinica"],"inLanguage":"sr-RS"},{"@type":"WebPage","@id":"https:\/\/spriv.vojvodina.gov.rs\/miroslav-vasin-o-privrednim-kretanjima-i-odrzivom-razvoju-na-otvaranju-4-dunavskog-biznis-foruma\/","url":"https:\/\/spriv.vojvodina.gov.rs\/miroslav-vasin-o-privrednim-kretanjima-i-odrzivom-razvoju-na-otvaranju-4-dunavskog-biznis-foruma\/","name":"Miroslav Vasin o privrednim kretanjima i odr\u017eivom razvoju na otvaranju 4. Dunavskog biznis foruma - \u041f\u043e\u043a\u0440\u0430\u0458\u0438\u043d\u0441\u043a\u0438 \u0441\u0435\u043a\u0440\u0435\u0442\u0430\u0440\u0438\u0458\u0430\u0442 \u0437\u0430 \u043f\u0440\u0438\u0432\u0440\u0435\u0434\u0443 \u0438 \u0442\u0443\u0440\u0438\u0437\u0430\u043c","isPartOf":{"@id":"https:\/\/spriv.vojvodina.gov.rs\/#website"},"primaryImageOfPage":{"@id":"https:\/\/spriv.vojvodina.gov.rs\/miroslav-vasin-o-privrednim-kretanjima-i-odrzivom-razvoju-na-otvaranju-4-dunavskog-biznis-foruma\/#primaryimage"},"image":{"@id":"https:\/\/spriv.vojvodina.gov.rs\/miroslav-vasin-o-privrednim-kretanjima-i-odrzivom-razvoju-na-otvaranju-4-dunavskog-biznis-foruma\/#primaryimage"},"thumbnailUrl":"https:\/\/spriv.vojvodina.gov.rs\/wp-content\/uploads\/2015\/10\/DSCF0308mala.JPG","datePublished":"2015-10-07T14:45:06+00:00","author":{"@id":"https:\/\/spriv.vojvodina.gov.rs\/#\/schema\/person\/749ef4f57fbb458f1c759e7a4fa78485"},"breadcrumb":{"@id":"https:\/\/spriv.vojvodina.gov.rs\/miroslav-vasin-o-privrednim-kretanjima-i-odrzivom-razvoju-na-otvaranju-4-dunavskog-biznis-foruma\/#breadcrumb"},"inLanguage":"sr-RS","potentialAction":[{"@type":"ReadAction","target":["https:\/\/spriv.vojvodina.gov.rs\/miroslav-vasin-o-privrednim-kretanjima-i-odrzivom-razvoju-na-otvaranju-4-dunavskog-biznis-foruma\/"]}]},{"@type":"ImageObject","inLanguage":"sr-RS","@id":"https:\/\/spriv.vojvodina.gov.rs\/miroslav-vasin-o-privrednim-kretanjima-i-odrzivom-razvoju-na-otvaranju-4-dunavskog-biznis-foruma\/#primaryimage","url":"https:\/\/spriv.vojvodina.gov.rs\/wp-content\/uploads\/2015\/10\/DSCF0308mala.JPG","contentUrl":"https:\/\/spriv.vojvodina.gov.rs\/wp-content\/uploads\/2015\/10\/DSCF0308mala.JPG","width":120,"height":90},{"@type":"BreadcrumbList","@id":"https:\/\/spriv.vojvodina.gov.rs\/miroslav-vasin-o-privrednim-kretanjima-i-odrzivom-razvoju-na-otvaranju-4-dunavskog-biznis-foruma\/#breadcrumb","itemListElement":[{"@type":"ListItem","position":1,"name":"Home","item":"https:\/\/spriv.vojvodina.gov.rs\/"},{"@type":"ListItem","position":2,"name":"Miroslav Vasin o privrednim kretanjima i odr\u017eivom razvoju na otvaranju 4. Dunavskog biznis foruma"}]},{"@type":"WebSite","@id":"https:\/\/spriv.vojvodina.gov.rs\/#website","url":"https:\/\/spriv.vojvodina.gov.rs\/","name":"\u041f\u043e\u043a\u0440\u0430\u0458\u0438\u043d\u0441\u043a\u0438 \u0441\u0435\u043a\u0440\u0435\u0442\u0430\u0440\u0438\u0458\u0430\u0442 \u0437\u0430 \u043f\u0440\u0438\u0432\u0440\u0435\u0434\u0443 \u0438 \u0442\u0443\u0440\u0438\u0437\u0430\u043c","description":"\u041f\u043e\u043a\u0440\u0430\u0458\u0438\u043d\u0441\u043a\u0438 \u0441\u0435\u043a\u0440\u0435\u0442\u0430\u0440\u0438\u0458\u0430\u0442 \u0437\u0430 \u043f\u0440\u0438\u0432\u0440\u0435\u0434\u0443 \u0438 \u0442\u0443\u0440\u0438\u0437\u0430\u043c","potentialAction":[{"@type":"SearchAction","target":{"@type":"EntryPoint","urlTemplate":"https:\/\/spriv.vojvodina.gov.rs\/?s={search_term_string}"},"query-input":{"@type":"PropertyValueSpecification","valueRequired":true,"valueName":"search_term_string"}}],"inLanguage":"sr-RS"},{"@type":"Person","@id":"https:\/\/spriv.vojvodina.gov.rs\/#\/schema\/person\/749ef4f57fbb458f1c759e7a4fa78485","name":"Sonja Babi\u0107","image":{"@type":"ImageObject","inLanguage":"sr-RS","@id":"https:\/\/secure.gravatar.com\/avatar\/00a1d182a20a59067af1e7b1c31cbcc3be1a456ee4b27746580e120c2582e5bd?s=96&d=mm&r=g","url":"https:\/\/secure.gravatar.com\/avatar\/00a1d182a20a59067af1e7b1c31cbcc3be1a456ee4b27746580e120c2582e5bd?s=96&d=mm&r=g","contentUrl":"https:\/\/secure.gravatar.com\/avatar\/00a1d182a20a59067af1e7b1c31cbcc3be1a456ee4b27746580e120c2582e5bd?s=96&d=mm&r=g","caption":"Sonja Babi\u0107"},"url":"https:\/\/spriv.vojvodina.gov.rs\/rs\/author\/sonja-babic\/"}]}},"_links":{"self":[{"href":"https:\/\/spriv.vojvodina.gov.rs\/rs\/wp-json\/wp\/v2\/posts\/1040","targetHints":{"allow":["GET"]}}],"collection":[{"href":"https:\/\/spriv.vojvodina.gov.rs\/rs\/wp-json\/wp\/v2\/posts"}],"about":[{"href":"https:\/\/spriv.vojvodina.gov.rs\/rs\/wp-json\/wp\/v2\/types\/post"}],"author":[{"embeddable":true,"href":"https:\/\/spriv.vojvodina.gov.rs\/rs\/wp-json\/wp\/v2\/users\/3"}],"replies":[{"embeddable":true,"href":"https:\/\/spriv.vojvodina.gov.rs\/rs\/wp-json\/wp\/v2\/comments?post=1040"}],"version-history":[{"count":0,"href":"https:\/\/spriv.vojvodina.gov.rs\/rs\/wp-json\/wp\/v2\/posts\/1040\/revisions"}],"wp:featuredmedia":[{"embeddable":true,"href":"https:\/\/spriv.vojvodina.gov.rs\/rs\/wp-json\/wp\/v2\/media\/1035"}],"wp:attachment":[{"href":"https:\/\/spriv.vojvodina.gov.rs\/rs\/wp-json\/wp\/v2\/media?parent=1040"}],"wp:term":[{"taxonomy":"category","embeddable":true,"href":"https:\/\/spriv.vojvodina.gov.rs\/rs\/wp-json\/wp\/v2\/categories?post=1040"},{"taxonomy":"post_tag","embeddable":true,"href":"https:\/\/spriv.vojvodina.gov.rs\/rs\/wp-json\/wp\/v2\/tags?post=1040"}],"curies":[{"name":"wp","href":"https:\/\/api.w.org\/{rel}","templated":true}]}}